{"id":57779,"date":"2018-01-29T17:25:36","date_gmt":"2018-01-29T17:25:36","guid":{"rendered":"http:\/\/internationalcoachingcommunity.com\/educacion-moral-y-civica-por-andrea-lages\/"},"modified":"2018-03-13T21:18:44","modified_gmt":"2018-03-13T21:18:44","slug":"educacion-moral-y-civica-por-andrea-lages","status":"publish","type":"post","link":"https:\/\/internationalcoachingcommunity.com\/es\/educacion-moral-y-civica-por-andrea-lages\/","title":{"rendered":"Educaci\u00f3n Moral y C\u00edvica &#8211; por Andrea Lages"},"content":{"rendered":"<p>[et_pb_section bb_built=\u00bb1&#8243;][et_pb_row][et_pb_column type=\u00bb4_4&#8243;][et_pb_text _builder_version=\u00bb3.0.90&#8243; background_layout=\u00bblight\u00bb]<\/p>\n<p><img loading=\"lazy\" decoding=\"async\" class=\"wp-image-57753 size-full alignnone\" src=\"http:\/\/internationalcoachingcommunity.com\/wp-content\/uploads\/2018\/02\/Educacao-Andrea-diego-martinez-397253-menor.jpg\" alt=\"\" width=\"700\" height=\"560\" srcset=\"https:\/\/internationalcoachingcommunity.com\/wp-content\/uploads\/2018\/02\/Educacao-Andrea-diego-martinez-397253-menor.jpg 700w, https:\/\/internationalcoachingcommunity.com\/wp-content\/uploads\/2018\/02\/Educacao-Andrea-diego-martinez-397253-menor-465x372.jpg 465w, https:\/\/internationalcoachingcommunity.com\/wp-content\/uploads\/2018\/02\/Educacao-Andrea-diego-martinez-397253-menor-600x480.jpg 600w\" sizes=\"auto, (max-width: 700px) 100vw, 700px\" \/><\/p>\n<h2>Educaci\u00f3n Moral y C\u00edvica &#8211; por Andrea Lages<\/h2>\n<p><strong>En mis primeros a\u00f1os de escuela, uno de mis materiales favoritos se llamaba Educaci\u00f3n Moral y C\u00edvica.<\/strong><\/p>\n<p>Dependiendo de la \u00e9poca en que cada lector vivi\u00f3 su infancia, sabr\u00e1 a qu\u00e9 me refiero.<\/p>\n<p>Para los que no conocen, la E.M.C. era una materia formal y obligatoria en las escuelas, que ten\u00eda como objetivo ayudar a formar buenos ciudadanos, los cuales conoc\u00edan sus deberes y derechos.<\/p>\n<p>Pero este objetivo s\u00f3lo descubr\u00ed recientemente, en aquella \u00e9poca jam\u00e1s me ocurri\u00f3 el significado literal de estas palabras, yo simplemente adoraba pintar los dibujos de las historietas de c\u00f3mic, la bandera de Brasil, y conversar acerca de hechos cotidianos de mi ciudad y padres. \u00a1Eso era mucho m\u00e1s agradable que decorar la tabla o aprender acerca de cosas que hab\u00edan ocurrido y dejado de suceder cientos de a\u00f1os antes de que yo existiera!<\/p>\n<p><strong>Otro d\u00eda, volviendo en coche a mi casa aqu\u00ed en Londres, observaba a las personas atravesando la calle frente a m\u00ed, y pensaba&#8230; \u00bfc\u00f3mo los valores morales de una cultura o regi\u00f3n se reflejan directamente en la realidad cotidiana de toda una naci\u00f3n?<\/strong><\/p>\n<p>Y pens\u00e9 en todos los pa\u00edses en que ya estuve, que son decenas de ellos, y en culturas de manera general, y c\u00f3mo queda claro percibir cu\u00e1les son aquellos valores establecidos fuertemente desde la cuna, en aquella cultura de la cual esa persona hizo y de la que forma parte.<\/p>\n<p>Una encuesta de IVH (\u00cdndice de Valor Humano) realizada por la ONU (Organizaci\u00f3n de las Naciones Unidas) mostr\u00f3 que en la opini\u00f3n de los brasile\u00f1os, de forma general, lo que es necesario cambiar en Brasil para la calidad de vida mejorar de verdad es en primer lugar, la educaci\u00f3n, seguida de pol\u00edtica p\u00fablica, violencia, valores morales y empleo. En el Estado de S\u00e3o Paulo hubo una variaci\u00f3n en relaci\u00f3n a la opini\u00f3n nacional, quedando valores morales en primer lugar.<\/p>\n<p><strong>Muy probablemente, si la misma encuesta se hiciera en Inglaterra o en cualquier otro pa\u00eds, el resultado ser\u00eda otro.<\/strong><\/p>\n<p>Y ah\u00ed me ocurri\u00f3: Eso vale no s\u00f3lo para pa\u00edses, sino para cada una de las familias y los ciudadanos.<\/p>\n<p>Si paramos para pensar, veremos claramente c\u00f3mo los valores que vivimos (o no) en nuestra casa, influyen en nuestra vida de manera general.<\/p>\n<p>En particular, tengo dos valores muy fuertes e inquebrantables, uno es el respeto, el otro la honestidad.<\/p>\n<p>No puedo imaginar una vida satisfactoria feliz sin la presencia de uno de estos dos valores.<\/p>\n<p>Y analizando mi realidad, veo como todos en mi casa, tambi\u00e9n adoptaron los mismos valores orientadores, as\u00ed como yo adopt\u00e9 los valores de los dem\u00e1s miembros de mi familia.<\/p>\n<p><strong>Y en eso pensaba cuando observaba a las personas atravesando la calle&#8230; en la tranquilidad en que estaba sintiendo, parada en el sem\u00e1foro, con el cristal abierto, y ni siquiera pensando en chequear el espejito para asegurarme de que nadie se estaba acercando para asaltarme. Y todos alrededor estaban actuando de la misma manera.<\/strong><\/p>\n<p>El ni\u00f1o que aparec\u00eda tener unos 10 a\u00f1os atravesando la calle solo, con su mochila de escuela, hablando en un iPhone, el ejecutivo con su mochila en la espalda, la cual no intentaba disfrazar la presencia de un ordenador port\u00e1til, y el viejito, que atravesaba la calle tranquilamente con su bengala, sin ser atropellado por los otros peatones y sin preocuparse de terminar de cruzar r\u00e1pidamente, por si la se\u00f1al verde se quedara roja para \u00e9l.<\/p>\n<p>Y percib\u00ed la raz\u00f3n principal de amar a Londres, es porque las personas y sus valores, construyen una naci\u00f3n y (independientemente del clima meteorol\u00f3gico), construyen la calidad de la vida que poseen. (No me refiero s\u00f3lo a Londres, pero mencionando lo que yo observaba mientras pensaba a este respecto. Claro que amo mucho a Brasil, sin embargo, por razones diferentes.).<\/p>\n<p>\u00a1Nuestros valores construyen nuestra realidad, siempre y cuando seamos congruentes con ellos!<\/p>\n<p>Al final, \u00bfde qu\u00e9 sirve valorar la educaci\u00f3n si usted muere de pereza de leer un libro?<\/p>\n<p>\u00bfO la honestidad si usted se siente feliz cuando recibe un cambio m\u00e1s y no considera devolver la diferencia a la caja de la tienda?<\/p>\n<p>Volviendo a la educaci\u00f3n moral y c\u00edvica, y sabiendo que ya no es materia obligatoria en las escuelas, \u00bfqu\u00e9 cada uno de nosotros puede hacer para incorporarla en nuestra rutina para as\u00ed contribuir a una sociedad m\u00e1s moral y c\u00edvicamente satisfactoria?<\/p>\n<p><em><strong>Para saber m\u00e1s sobre los entrenamientos de Andrea Lages en Brasil, por favor env\u00ede un email a <a href=\"mailto:info@lambent.com\">info@lambent.com<\/a><\/strong><\/em><\/p>\n<p>[\/et_pb_text][\/et_pb_column][\/et_pb_row][\/et_pb_section]<\/p>\n","protected":false},"excerpt":{"rendered":"<p>En mis primeros a\u00f1os de escuela, uno de mis materiales favoritos se llamaba Educaci\u00f3n Moral y C\u00edvica&#8230;<\/p>\n","protected":false},"author":111,"featured_media":57752,"comment_status":"open","ping_status":"open","sticky":false,"template":"","format":"standard","meta":{"_acf_changed":false,"_et_pb_use_builder":"on","_et_pb_old_content":"<p><strong>In my early years of school, one of my favorite subjects was called Moral and Civic Education.<\/strong><\/p><p>Depending on when each reader lived his childhood, he will know what I mean.<\/p><p>For those who do not know, M.C.E. was a formal and compulsory subject in schools, which was intended to help educate good citizens, who knew their duties and rights.<\/p><p>But this goal I only discovered recently, at that time the literal meaning of these words never occurred to me, I simply loved to paint the cartoons of the comic strips, the Brazilian flag, and to talk about the daily facts of my city and country. This was much cooler than decorating the tables or learning about things that had happened and stopped happening hundreds of years before I even existed!<\/p><p><strong>The other day, driving back to my house here in London, I watched people cross the street in front of me, and thought\u2026 how do the moral values of a culture or region directly reflect the everyday reality of an entire nation?<\/strong><\/p><p>And I\u2019ve thought of all the countries I\u2019ve been to, which are dozens of them, and cultures in general, and how clear it is to understand which are those values established strongly from the cradle, in that culture of which that person did and of which he is a part.<\/p><p>An IVH (Human Value Index) survey conducted by the UN (The United Nations) showed that in the opinion of Brazilians, in general, what it is necessary to change in Brazil for quality of life to improve is, first, education, followed by public policy, violence, moral values \u200b\u200band employment. In the State of S\u00e3o Paulo there was a variation in relation to the national opinion, with moral values \u200b\u200bfirst.<\/p><p><strong>Most likely, if the same survey were done in England or in any other country, the result would be another.<\/strong><\/p><p>And it occurred to me: This applies not only to countries, but also to each of the families and the citizens.<\/p><p>If we stop to think, we will see clearly how the values we experience (or not) in our home, influences our life in general.<\/p><p>I particularly have two very strong and unshakable values, one is respect, and the other is honesty.<\/p><p>I cannot imagine a satisfactorily happy life without the presence of one of these two values.<\/p><p>And analyzing my reality, I see how everyone in my house also adopted the same guiding values, just as I adopted the values of the other members of my family.<\/p><p><strong>And in that I thought as I watched people cross the street\u2026 in the tranquility I was feeling, standing at the traffic light, with the glass open, and not even thinking about checking the mirror to make sure no one was approaching to rob me. And everyone around them was acting the same way.<\/strong><\/p><p>The boy who appeared to be about 10 years of age crossing the street alone, with his school bag, talking on his iPhone, the executive with his backpack, who did not try to disguise the presence of a laptop, and the old man, who walked calmly on the street with his walking stick, not being hit by the other pedestrians, and not bothering to finish crossing quickly, just in case the green light turned red for him.<\/p><p>And I realized the main reason for me to love London, is because people and their values, build a nation and (regardless of the weather), build the quality of life they have. (I\u2019m not just referring to London, but mentioning what I observed while thinking about it. Of course, I love Brazil a lot, however, for different reasons.)<\/p><p>Our values build our reality, as long as we are congruent with them!<\/p><p>After all, what good is it to value education if you\u2019re too lazy to read a book?<\/p><p>Or honesty, if you\u2019re happy when you get a little extra change and you don't even consider returning the difference to the cashier?<\/p><p>Returning to Moral and Civic Education, and knowing that it is no longer compulsory in schools, what can each of us do to incorporate it into our routine to contribute to a more moral and civically satisfying society?<\/p>","_et_gb_content_width":"","footnotes":""},"categories":[130],"tags":[],"class_list":["post-57779","post","type-post","status-publish","format-standard","has-post-thumbnail","hentry","category-articulos"],"acf":[],"yoast_head":"<!-- This site is optimized with the Yoast SEO plugin v26.8 - https:\/\/yoast.com\/product\/yoast-seo-wordpress\/ -->\n<title>Educaci\u00f3n Moral y C\u00edvica - por Andrea Lages - International Coaching Community<\/title>\n<meta name=\"robots\" content=\"index, follow, max-snippet:-1, max-image-preview:large, max-video-preview:-1\" \/>\n<link rel=\"canonical\" href=\"https:\/\/internationalcoachingcommunity.com\/es\/educacion-moral-y-civica-por-andrea-lages\/\" \/>\n<meta property=\"og:locale\" content=\"es_ES\" \/>\n<meta property=\"og:type\" content=\"article\" \/>\n<meta property=\"og:title\" content=\"Educaci\u00f3n Moral y C\u00edvica - por Andrea Lages - International Coaching Community\" \/>\n<meta property=\"og:description\" content=\"En mis primeros a\u00f1os de escuela, uno de mis materiales favoritos se llamaba Educaci\u00f3n Moral y C\u00edvica...\" \/>\n<meta property=\"og:url\" content=\"https:\/\/internationalcoachingcommunity.com\/es\/educacion-moral-y-civica-por-andrea-lages\/\" \/>\n<meta property=\"og:site_name\" content=\"International Coaching Community\" \/>\n<meta property=\"article:publisher\" content=\"https:\/\/www.facebook.com\/coachingcommunity\" \/>\n<meta property=\"article:published_time\" content=\"2018-01-29T17:25:36+00:00\" \/>\n<meta property=\"article:modified_time\" content=\"2018-03-13T21:18:44+00:00\" \/>\n<meta property=\"og:image\" content=\"https:\/\/internationalcoachingcommunity.com\/wp-content\/uploads\/2018\/02\/Educacao-Andrea-diego-martinez-397253-menor.jpg\" \/>\n\t<meta property=\"og:image:width\" content=\"700\" \/>\n\t<meta property=\"og:image:height\" content=\"560\" \/>\n\t<meta property=\"og:image:type\" content=\"image\/jpeg\" \/>\n<meta name=\"author\" content=\"Alex\" \/>\n<meta name=\"twitter:card\" content=\"summary_large_image\" \/>\n<meta name=\"twitter:creator\" content=\"@icccoaching\" \/>\n<meta name=\"twitter:site\" content=\"@icccoaching\" \/>\n<meta name=\"twitter:label1\" content=\"Escrito por\" \/>\n\t<meta name=\"twitter:data1\" content=\"Alex\" \/>\n\t<meta name=\"twitter:label2\" content=\"Tiempo de lectura\" \/>\n\t<meta name=\"twitter:data2\" content=\"4 minutos\" \/>\n<script type=\"application\/ld+json\" class=\"yoast-schema-graph\">{\"@context\":\"https:\/\/schema.org\",\"@graph\":[{\"@type\":\"Article\",\"@id\":\"https:\/\/internationalcoachingcommunity.com\/es\/educacion-moral-y-civica-por-andrea-lages\/#article\",\"isPartOf\":{\"@id\":\"https:\/\/internationalcoachingcommunity.com\/es\/educacion-moral-y-civica-por-andrea-lages\/\"},\"author\":{\"name\":\"Alex\",\"@id\":\"https:\/\/internationalcoachingcommunity.com\/#\/schema\/person\/fa019c40db8ed5249b248761569a33c0\"},\"headline\":\"Educaci\u00f3n Moral y C\u00edvica &#8211; por Andrea Lages\",\"datePublished\":\"2018-01-29T17:25:36+00:00\",\"dateModified\":\"2018-03-13T21:18:44+00:00\",\"mainEntityOfPage\":{\"@id\":\"https:\/\/internationalcoachingcommunity.com\/es\/educacion-moral-y-civica-por-andrea-lages\/\"},\"wordCount\":846,\"commentCount\":0,\"publisher\":{\"@id\":\"https:\/\/internationalcoachingcommunity.com\/#organization\"},\"image\":{\"@id\":\"https:\/\/internationalcoachingcommunity.com\/es\/educacion-moral-y-civica-por-andrea-lages\/#primaryimage\"},\"thumbnailUrl\":\"https:\/\/internationalcoachingcommunity.com\/wp-content\/uploads\/2018\/02\/Educacao-Andrea-diego-martinez-397253-menor.jpg\",\"articleSection\":[\"Articulos\"],\"inLanguage\":\"es\",\"potentialAction\":[{\"@type\":\"CommentAction\",\"name\":\"Comment\",\"target\":[\"https:\/\/internationalcoachingcommunity.com\/es\/educacion-moral-y-civica-por-andrea-lages\/#respond\"]}]},{\"@type\":\"WebPage\",\"@id\":\"https:\/\/internationalcoachingcommunity.com\/es\/educacion-moral-y-civica-por-andrea-lages\/\",\"url\":\"https:\/\/internationalcoachingcommunity.com\/es\/educacion-moral-y-civica-por-andrea-lages\/\",\"name\":\"Educaci\u00f3n Moral y C\u00edvica - por Andrea Lages - International Coaching Community\",\"isPartOf\":{\"@id\":\"https:\/\/internationalcoachingcommunity.com\/#website\"},\"primaryImageOfPage\":{\"@id\":\"https:\/\/internationalcoachingcommunity.com\/es\/educacion-moral-y-civica-por-andrea-lages\/#primaryimage\"},\"image\":{\"@id\":\"https:\/\/internationalcoachingcommunity.com\/es\/educacion-moral-y-civica-por-andrea-lages\/#primaryimage\"},\"thumbnailUrl\":\"https:\/\/internationalcoachingcommunity.com\/wp-content\/uploads\/2018\/02\/Educacao-Andrea-diego-martinez-397253-menor.jpg\",\"datePublished\":\"2018-01-29T17:25:36+00:00\",\"dateModified\":\"2018-03-13T21:18:44+00:00\",\"breadcrumb\":{\"@id\":\"https:\/\/internationalcoachingcommunity.com\/es\/educacion-moral-y-civica-por-andrea-lages\/#breadcrumb\"},\"inLanguage\":\"es\",\"potentialAction\":[{\"@type\":\"ReadAction\",\"target\":[\"https:\/\/internationalcoachingcommunity.com\/es\/educacion-moral-y-civica-por-andrea-lages\/\"]}]},{\"@type\":\"ImageObject\",\"inLanguage\":\"es\",\"@id\":\"https:\/\/internationalcoachingcommunity.com\/es\/educacion-moral-y-civica-por-andrea-lages\/#primaryimage\",\"url\":\"https:\/\/internationalcoachingcommunity.com\/wp-content\/uploads\/2018\/02\/Educacao-Andrea-diego-martinez-397253-menor.jpg\",\"contentUrl\":\"https:\/\/internationalcoachingcommunity.com\/wp-content\/uploads\/2018\/02\/Educacao-Andrea-diego-martinez-397253-menor.jpg\",\"width\":700,\"height\":560},{\"@type\":\"BreadcrumbList\",\"@id\":\"https:\/\/internationalcoachingcommunity.com\/es\/educacion-moral-y-civica-por-andrea-lages\/#breadcrumb\",\"itemListElement\":[{\"@type\":\"ListItem\",\"position\":1,\"name\":\"Home\",\"item\":\"https:\/\/internationalcoachingcommunity.com\/es\/\"},{\"@type\":\"ListItem\",\"position\":2,\"name\":\"Educaci\u00f3n Moral y C\u00edvica &#8211; por Andrea Lages\"}]},{\"@type\":\"WebSite\",\"@id\":\"https:\/\/internationalcoachingcommunity.com\/#website\",\"url\":\"https:\/\/internationalcoachingcommunity.com\/\",\"name\":\"International Coaching Community\",\"description\":\"International Coaching Community - One of the biggest professional coaching networks\",\"publisher\":{\"@id\":\"https:\/\/internationalcoachingcommunity.com\/#organization\"},\"potentialAction\":[{\"@type\":\"SearchAction\",\"target\":{\"@type\":\"EntryPoint\",\"urlTemplate\":\"https:\/\/internationalcoachingcommunity.com\/?s={search_term_string}\"},\"query-input\":{\"@type\":\"PropertyValueSpecification\",\"valueRequired\":true,\"valueName\":\"search_term_string\"}}],\"inLanguage\":\"es\"},{\"@type\":\"Organization\",\"@id\":\"https:\/\/internationalcoachingcommunity.com\/#organization\",\"name\":\"International Coaching Community\",\"url\":\"https:\/\/internationalcoachingcommunity.com\/\",\"logo\":{\"@type\":\"ImageObject\",\"inLanguage\":\"es\",\"@id\":\"https:\/\/internationalcoachingcommunity.com\/#\/schema\/logo\/image\/\",\"url\":\"https:\/\/internationalcoachingcommunity.com\/wp-content\/uploads\/2015\/01\/ICC-LOGO-TRANSPARENT-e1487273904115-1.jpg\",\"contentUrl\":\"https:\/\/internationalcoachingcommunity.com\/wp-content\/uploads\/2015\/01\/ICC-LOGO-TRANSPARENT-e1487273904115-1.jpg\",\"width\":320,\"height\":208,\"caption\":\"International Coaching Community\"},\"image\":{\"@id\":\"https:\/\/internationalcoachingcommunity.com\/#\/schema\/logo\/image\/\"},\"sameAs\":[\"https:\/\/www.facebook.com\/coachingcommunity\",\"https:\/\/x.com\/icccoaching\",\"https:\/\/www.linkedin.com\/company-beta\/433586\/\",\"https:\/\/www.youtube.com\/user\/icccoaching\"]},{\"@type\":\"Person\",\"@id\":\"https:\/\/internationalcoachingcommunity.com\/#\/schema\/person\/fa019c40db8ed5249b248761569a33c0\",\"name\":\"Alex\",\"image\":{\"@type\":\"ImageObject\",\"inLanguage\":\"es\",\"@id\":\"https:\/\/internationalcoachingcommunity.com\/#\/schema\/person\/image\/\",\"url\":\"https:\/\/secure.gravatar.com\/avatar\/4a1554f59789c1669fb15d5af62b6d48bb5c4a3656dcc49cec04035b5294bc58?s=96&d=mm&r=g\",\"contentUrl\":\"https:\/\/secure.gravatar.com\/avatar\/4a1554f59789c1669fb15d5af62b6d48bb5c4a3656dcc49cec04035b5294bc58?s=96&d=mm&r=g\",\"caption\":\"Alex\"},\"url\":\"https:\/\/internationalcoachingcommunity.com\/es\/author\/iccadmin\/\"}]}<\/script>\n<!-- \/ Yoast SEO plugin. -->","yoast_head_json":{"title":"Educaci\u00f3n Moral y C\u00edvica - por Andrea Lages - International Coaching Community","robots":{"index":"index","follow":"follow","max-snippet":"max-snippet:-1","max-image-preview":"max-image-preview:large","max-video-preview":"max-video-preview:-1"},"canonical":"https:\/\/internationalcoachingcommunity.com\/es\/educacion-moral-y-civica-por-andrea-lages\/","og_locale":"es_ES","og_type":"article","og_title":"Educaci\u00f3n Moral y C\u00edvica - por Andrea Lages - International Coaching Community","og_description":"En mis primeros a\u00f1os de escuela, uno de mis materiales favoritos se llamaba Educaci\u00f3n Moral y C\u00edvica...","og_url":"https:\/\/internationalcoachingcommunity.com\/es\/educacion-moral-y-civica-por-andrea-lages\/","og_site_name":"International Coaching Community","article_publisher":"https:\/\/www.facebook.com\/coachingcommunity","article_published_time":"2018-01-29T17:25:36+00:00","article_modified_time":"2018-03-13T21:18:44+00:00","og_image":[{"width":700,"height":560,"url":"https:\/\/internationalcoachingcommunity.com\/wp-content\/uploads\/2018\/02\/Educacao-Andrea-diego-martinez-397253-menor.jpg","type":"image\/jpeg"}],"author":"Alex","twitter_card":"summary_large_image","twitter_creator":"@icccoaching","twitter_site":"@icccoaching","twitter_misc":{"Escrito por":"Alex","Tiempo de lectura":"4 minutos"},"schema":{"@context":"https:\/\/schema.org","@graph":[{"@type":"Article","@id":"https:\/\/internationalcoachingcommunity.com\/es\/educacion-moral-y-civica-por-andrea-lages\/#article","isPartOf":{"@id":"https:\/\/internationalcoachingcommunity.com\/es\/educacion-moral-y-civica-por-andrea-lages\/"},"author":{"name":"Alex","@id":"https:\/\/internationalcoachingcommunity.com\/#\/schema\/person\/fa019c40db8ed5249b248761569a33c0"},"headline":"Educaci\u00f3n Moral y C\u00edvica &#8211; por Andrea Lages","datePublished":"2018-01-29T17:25:36+00:00","dateModified":"2018-03-13T21:18:44+00:00","mainEntityOfPage":{"@id":"https:\/\/internationalcoachingcommunity.com\/es\/educacion-moral-y-civica-por-andrea-lages\/"},"wordCount":846,"commentCount":0,"publisher":{"@id":"https:\/\/internationalcoachingcommunity.com\/#organization"},"image":{"@id":"https:\/\/internationalcoachingcommunity.com\/es\/educacion-moral-y-civica-por-andrea-lages\/#primaryimage"},"thumbnailUrl":"https:\/\/internationalcoachingcommunity.com\/wp-content\/uploads\/2018\/02\/Educacao-Andrea-diego-martinez-397253-menor.jpg","articleSection":["Articulos"],"inLanguage":"es","potentialAction":[{"@type":"CommentAction","name":"Comment","target":["https:\/\/internationalcoachingcommunity.com\/es\/educacion-moral-y-civica-por-andrea-lages\/#respond"]}]},{"@type":"WebPage","@id":"https:\/\/internationalcoachingcommunity.com\/es\/educacion-moral-y-civica-por-andrea-lages\/","url":"https:\/\/internationalcoachingcommunity.com\/es\/educacion-moral-y-civica-por-andrea-lages\/","name":"Educaci\u00f3n Moral y C\u00edvica - por Andrea Lages - International Coaching Community","isPartOf":{"@id":"https:\/\/internationalcoachingcommunity.com\/#website"},"primaryImageOfPage":{"@id":"https:\/\/internationalcoachingcommunity.com\/es\/educacion-moral-y-civica-por-andrea-lages\/#primaryimage"},"image":{"@id":"https:\/\/internationalcoachingcommunity.com\/es\/educacion-moral-y-civica-por-andrea-lages\/#primaryimage"},"thumbnailUrl":"https:\/\/internationalcoachingcommunity.com\/wp-content\/uploads\/2018\/02\/Educacao-Andrea-diego-martinez-397253-menor.jpg","datePublished":"2018-01-29T17:25:36+00:00","dateModified":"2018-03-13T21:18:44+00:00","breadcrumb":{"@id":"https:\/\/internationalcoachingcommunity.com\/es\/educacion-moral-y-civica-por-andrea-lages\/#breadcrumb"},"inLanguage":"es","potentialAction":[{"@type":"ReadAction","target":["https:\/\/internationalcoachingcommunity.com\/es\/educacion-moral-y-civica-por-andrea-lages\/"]}]},{"@type":"ImageObject","inLanguage":"es","@id":"https:\/\/internationalcoachingcommunity.com\/es\/educacion-moral-y-civica-por-andrea-lages\/#primaryimage","url":"https:\/\/internationalcoachingcommunity.com\/wp-content\/uploads\/2018\/02\/Educacao-Andrea-diego-martinez-397253-menor.jpg","contentUrl":"https:\/\/internationalcoachingcommunity.com\/wp-content\/uploads\/2018\/02\/Educacao-Andrea-diego-martinez-397253-menor.jpg","width":700,"height":560},{"@type":"BreadcrumbList","@id":"https:\/\/internationalcoachingcommunity.com\/es\/educacion-moral-y-civica-por-andrea-lages\/#breadcrumb","itemListElement":[{"@type":"ListItem","position":1,"name":"Home","item":"https:\/\/internationalcoachingcommunity.com\/es\/"},{"@type":"ListItem","position":2,"name":"Educaci\u00f3n Moral y C\u00edvica &#8211; por Andrea Lages"}]},{"@type":"WebSite","@id":"https:\/\/internationalcoachingcommunity.com\/#website","url":"https:\/\/internationalcoachingcommunity.com\/","name":"International Coaching Community","description":"International Coaching Community - One of the biggest professional coaching networks","publisher":{"@id":"https:\/\/internationalcoachingcommunity.com\/#organization"},"potentialAction":[{"@type":"SearchAction","target":{"@type":"EntryPoint","urlTemplate":"https:\/\/internationalcoachingcommunity.com\/?s={search_term_string}"},"query-input":{"@type":"PropertyValueSpecification","valueRequired":true,"valueName":"search_term_string"}}],"inLanguage":"es"},{"@type":"Organization","@id":"https:\/\/internationalcoachingcommunity.com\/#organization","name":"International Coaching Community","url":"https:\/\/internationalcoachingcommunity.com\/","logo":{"@type":"ImageObject","inLanguage":"es","@id":"https:\/\/internationalcoachingcommunity.com\/#\/schema\/logo\/image\/","url":"https:\/\/internationalcoachingcommunity.com\/wp-content\/uploads\/2015\/01\/ICC-LOGO-TRANSPARENT-e1487273904115-1.jpg","contentUrl":"https:\/\/internationalcoachingcommunity.com\/wp-content\/uploads\/2015\/01\/ICC-LOGO-TRANSPARENT-e1487273904115-1.jpg","width":320,"height":208,"caption":"International Coaching Community"},"image":{"@id":"https:\/\/internationalcoachingcommunity.com\/#\/schema\/logo\/image\/"},"sameAs":["https:\/\/www.facebook.com\/coachingcommunity","https:\/\/x.com\/icccoaching","https:\/\/www.linkedin.com\/company-beta\/433586\/","https:\/\/www.youtube.com\/user\/icccoaching"]},{"@type":"Person","@id":"https:\/\/internationalcoachingcommunity.com\/#\/schema\/person\/fa019c40db8ed5249b248761569a33c0","name":"Alex","image":{"@type":"ImageObject","inLanguage":"es","@id":"https:\/\/internationalcoachingcommunity.com\/#\/schema\/person\/image\/","url":"https:\/\/secure.gravatar.com\/avatar\/4a1554f59789c1669fb15d5af62b6d48bb5c4a3656dcc49cec04035b5294bc58?s=96&d=mm&r=g","contentUrl":"https:\/\/secure.gravatar.com\/avatar\/4a1554f59789c1669fb15d5af62b6d48bb5c4a3656dcc49cec04035b5294bc58?s=96&d=mm&r=g","caption":"Alex"},"url":"https:\/\/internationalcoachingcommunity.com\/es\/author\/iccadmin\/"}]}},"_links":{"self":[{"href":"https:\/\/internationalcoachingcommunity.com\/es\/wp-json\/wp\/v2\/posts\/57779","targetHints":{"allow":["GET"]}}],"collection":[{"href":"https:\/\/internationalcoachingcommunity.com\/es\/wp-json\/wp\/v2\/posts"}],"about":[{"href":"https:\/\/internationalcoachingcommunity.com\/es\/wp-json\/wp\/v2\/types\/post"}],"author":[{"embeddable":true,"href":"https:\/\/internationalcoachingcommunity.com\/es\/wp-json\/wp\/v2\/users\/111"}],"replies":[{"embeddable":true,"href":"https:\/\/internationalcoachingcommunity.com\/es\/wp-json\/wp\/v2\/comments?post=57779"}],"version-history":[{"count":2,"href":"https:\/\/internationalcoachingcommunity.com\/es\/wp-json\/wp\/v2\/posts\/57779\/revisions"}],"predecessor-version":[{"id":58196,"href":"https:\/\/internationalcoachingcommunity.com\/es\/wp-json\/wp\/v2\/posts\/57779\/revisions\/58196"}],"wp:featuredmedia":[{"embeddable":true,"href":"https:\/\/internationalcoachingcommunity.com\/es\/wp-json\/wp\/v2\/media\/57752"}],"wp:attachment":[{"href":"https:\/\/internationalcoachingcommunity.com\/es\/wp-json\/wp\/v2\/media?parent=57779"}],"wp:term":[{"taxonomy":"category","embeddable":true,"href":"https:\/\/internationalcoachingcommunity.com\/es\/wp-json\/wp\/v2\/categories?post=57779"},{"taxonomy":"post_tag","embeddable":true,"href":"https:\/\/internationalcoachingcommunity.com\/es\/wp-json\/wp\/v2\/tags?post=57779"}],"curies":[{"name":"wp","href":"https:\/\/api.w.org\/{rel}","templated":true}]}}