{"id":62323,"date":"2019-06-05T19:35:28","date_gmt":"2019-06-05T19:35:28","guid":{"rendered":"https:\/\/internationalcoachingcommunity.com\/?p=62323"},"modified":"2019-06-17T19:36:59","modified_gmt":"2019-06-17T19:36:59","slug":"ser-victima-o-protagonista-es-tu-propia-decision","status":"publish","type":"post","link":"https:\/\/internationalcoachingcommunity.com\/es\/ser-victima-o-protagonista-es-tu-propia-decision\/","title":{"rendered":"Ser v\u00edctima o protagonista es tu propia decisi\u00f3n"},"content":{"rendered":"<p>[et_pb_section bb_built=\u00bb1&#8243;][et_pb_row][et_pb_column type=\u00bb4_4&#8243;][et_pb_text _builder_version=\u00bb3.5.1&#8243;]<\/p>\n<p><img loading=\"lazy\" decoding=\"async\" class=\"wp-image-62334 size-medium alignleft\" title=\"Pexels\" src=\"https:\/\/internationalcoachingcommunity.com\/wp-content\/uploads\/2019\/06\/5-jun_sq-375x375.jpg\" alt=\"\" width=\"375\" height=\"375\" srcset=\"https:\/\/internationalcoachingcommunity.com\/wp-content\/uploads\/2019\/06\/5-jun_sq-375x375.jpg 375w, https:\/\/internationalcoachingcommunity.com\/wp-content\/uploads\/2019\/06\/5-jun_sq-225x225.jpg 225w, https:\/\/internationalcoachingcommunity.com\/wp-content\/uploads\/2019\/06\/5-jun_sq-336x336.jpg 336w, https:\/\/internationalcoachingcommunity.com\/wp-content\/uploads\/2019\/06\/5-jun_sq-45x45.jpg 45w, https:\/\/internationalcoachingcommunity.com\/wp-content\/uploads\/2019\/06\/5-jun_sq-596x596.jpg 596w, https:\/\/internationalcoachingcommunity.com\/wp-content\/uploads\/2019\/06\/5-jun_sq-100x100.jpg 100w, https:\/\/internationalcoachingcommunity.com\/wp-content\/uploads\/2019\/06\/5-jun_sq.jpg 645w\" sizes=\"auto, (max-width: 375px) 100vw, 375px\" \/><\/p>\n<p>Columna de Karina Pittini*, Trainer ICC de Uruguay, en el peri\u00f3dico &#8216;El Observador&#8217; &#8211; 5 de junio, 2019<\/p>\n<h2>Ser v\u00edctima o protagonista es tu propia decisi\u00f3n<\/h2>\n<h5>Si aceptas la premisa que \u201ctoda acci\u00f3n tiene un cometido\u201d, el punto es ver m\u00e1s all\u00e1 lo que te est\u00e1 impactando y entender su fundamento<\/h5>\n<p>En oportunidades el d\u00eda a d\u00eda limita nuestra visi\u00f3n; somos llevados de la nariz por la operativa y olvidamos mirar -tal como observadores- qu\u00e9 sucede en los sistemas globales que integramos. Mirar de manera ampliada nos permite contextualizar qu\u00e9 sucede en un mercado determinado, en una empresa concreta y en este sentido, c\u00f3mo se van dando los acontecimientos. Si aceptas la premisa que \u201ctoda acci\u00f3n tiene un cometido\u201d, el punto es ver m\u00e1s all\u00e1 lo que te est\u00e1 impactando -positivamente o no- y entender su fundamento. A partir de este entendimiento, podes elegir si ser v\u00edctima o protagonista.<\/p>\n<p>Les comparto dos situaciones. En un caso, estuve reunida con una persona que entendi\u00f3 que la distancia puesta por su jefe era un simple capricho que respond\u00eda de forma inmadura a una decisi\u00f3n de ella.<\/p>\n<p>Cuando su jefe coment\u00f3 lo sucedido, dej\u00f3 en claro que estaba dolido por lo que entend\u00eda falta de sinceramiento de su colaboradora y en consecuencia tom\u00f3 distancia. Escuchando a cada uno, ambas versiones tienen sentido.<\/p>\n<p>\u00bfQuien tiene la verdad? Es probable que ninguno ya que a ambos les falta una parte para entender la perspectiva del otro e integrarla a la propia. Cada uno desde su perspectiva e interpretaci\u00f3n, est\u00e1 convencido que est\u00e1 en lo cierto; y la distancia y molestia avanzan.<br \/>\nEn el momento en que uno integre el contexto y adem\u00e1s la perspectiva del otro, encontrar\u00e1n valiosa informaci\u00f3n para aportarse mutuamente y construir.<\/p>\n<p>El impacto que la acumulaci\u00f3n de situaciones de este estilo tienen en el \u00e1rea no es positivo para la organizaci\u00f3n. Como en cada situaci\u00f3n, las perspectivas son tantas como personas involucradas.<\/p>\n<p>La otra situaci\u00f3n refiere a un colaborador que se queja que no le avisaron lo que se le comunicar\u00eda a su cliente. Entonces su l\u00edder se siente indignado: \u00bfC\u00f3mo plantea esto, si estuvo en cada paso del proceso? El enojo para ambos dur\u00f3 varios d\u00edas despu\u00e9s del suceso. Imagino que recordar\u00e1s situaciones similares, donde podr\u00e1s distinguir qu\u00e9 postura asumiste.<\/p>\n<p>C\u00f3mo v\u00edctima, podr\u00e1s quejarte y tu frustraci\u00f3n te dejar\u00e1 en un estado de menos recursos y lo que es peor, sin poder hacer nada para cambiarlo. Las cosas te llegan y es responsabilidad de los otros.<\/p>\n<p>En cambio, ubicarte como protagonista, te permite ser agente de cambio para ir hacia lo que quer\u00e9s.<\/p>\n<p>Como es cuesti\u00f3n de decisi\u00f3n y elecci\u00f3n, te comparto unos tips que funcionan para valorar la situaci\u00f3n y para que decidas qu\u00e9 opci\u00f3n tomar:<br \/>\n&#8211; Observ\u00e1 lo que sucede<br \/>\n&#8211; Contextualiz\u00e1 la situaci\u00f3n<br \/>\n&#8211; Identific\u00e1 tus pensamientos, tus emociones y creencias.<br \/>\n&#8211; Valor\u00e1 si esos pensamientos, emociones y creencias te colocan como v\u00edctima o protagonista.<br \/>\n&#8211; Valor\u00e1 la perspectiva del otro y del sistema del que se trate<br \/>\n&#8211; Ten\u00e9 claro qu\u00e9 quer\u00e9s<br \/>\n&#8211; Identific\u00e1 qu\u00e9 pod\u00e9s hacer vos para que pase eso que quer\u00e9s que pase.<\/p>\n<p>En el contexto actual en que diversas empresas est\u00e1n realizando cambios estructurales, \u00bfQu\u00e9 posici\u00f3n quer\u00e9s asumir? En cada situaci\u00f3n, existen opciones que son oportunidades para elegir nuestro proceso mental y emocional, que determinar\u00e1 lo que hagamos y los resultados que obtengamos.<\/p>\n<p>Por esto es que, v\u00edctima o protagonista es cuesti\u00f3n de nuestra propia elecci\u00f3n. \u00bfCu\u00e1l es la tuya?<\/p>\n<p>[\/et_pb_text][et_pb_text admin_label=\u00bb*Karina\u00bb _builder_version=\u00bb3.5.1&#8243;]<\/p>\n<div>\n<div><em>*Directora de\u00a0HCC Uruguay \u2013 Human Capital Consulting &#8211;\u00a0organizaci\u00f3n dedicada a Gesti\u00f3n\u00a0Humana, Gesti\u00f3n Organizacional, Gesti\u00f3n de Negocios, Gesti\u00f3n Econ\u00f3mico \u2013 Financiera y Tributaria.<br \/>\nLicenciada en Psicolog\u00eda, postgraduada en Psicolog\u00eda Cognitiva, postgraduada en Psicolog\u00eda\u00a0de la Conducta y\u00a0Comportamiento, Certi\ufb01cada como Coach Ejecutiva, Certi\ufb01cada como Coach de Equipos, una de las 44 Entrenadoras O\ufb01ciales para el mundo de ICC \u2013 International\u00a0Coaching Community \u2013 Certi\ufb01cada como entrenadora de los programas internacionales\u00a0Lambent. Entrenadora, conferencista, columnista en medios escritos, coach ejecutiva y de equipos, profesora de la escuela de negocios ESAI. Desarrolla personas, equipos y\u00a0organizaciones, a trav\u00e9s de la consultor\u00eda, la asesor\u00eda y el coaching, a nivel nacional e\u00a0internacional.<\/em><\/div>\n<\/div>\n<p>[\/et_pb_text][et_pb_text admin_label=\u00bbPara leer\/conocer\u00bb _builder_version=\u00bb3.5.1&#8243;]<\/p>\n<p><b>Para ver el art\u00edculo original, haz clic <a href=\"https:\/\/www.elobservador.com.uy\/nota\/ser-victima-o-protagonista-es-tu-propia-decision-201964122333\" target=\"_blank\" rel=\"noopener noreferrer\">aqu\u00ed<\/a><br \/>\n<\/b><b>Para conocer m\u00e1s acerca de Karina Pittini, haz\u00a0clic <\/b><a style=\"font-weight: bold\" href=\"https:\/\/internationalcoachingcommunity.com\/es\/karina-pittini\/\" target=\"_blank\" rel=\"noopener noreferrer\">aqu\u00ed<\/a><\/p>\n<p>[\/et_pb_text][\/et_pb_column][\/et_pb_row][\/et_pb_section]<\/p>\n","protected":false},"excerpt":{"rendered":"<p>Columna de Karina Pittini, Trainer ICC de Uruguay, en el peri\u00f3dico El Observador.<\/p>\n","protected":false},"author":111,"featured_media":62330,"comment_status":"open","ping_status":"open","sticky":false,"template":"","format":"standard","meta":{"_acf_changed":false,"_et_pb_use_builder":"on","_et_pb_old_content":"<p><strong>In my early years of school, one of my favorite subjects was called Moral and Civic Education.<\/strong><\/p><p>Depending on when each reader lived his childhood, he will know what I mean.<\/p><p>For those who do not know, M.C.E. was a formal and compulsory subject in schools, which was intended to help educate good citizens, who knew their duties and rights.<\/p><p>But this goal I only discovered recently, at that time the literal meaning of these words never occurred to me, I simply loved to paint the cartoons of the comic strips, the Brazilian flag, and to talk about the daily facts of my city and country. This was much cooler than decorating the tables or learning about things that had happened and stopped happening hundreds of years before I even existed!<\/p><p><strong>The other day, driving back to my house here in London, I watched people cross the street in front of me, and thought\u2026 how do the moral values of a culture or region directly reflect the everyday reality of an entire nation?<\/strong><\/p><p>And I\u2019ve thought of all the countries I\u2019ve been to, which are dozens of them, and cultures in general, and how clear it is to understand which are those values established strongly from the cradle, in that culture of which that person did and of which he is a part.<\/p><p>An IVH (Human Value Index) survey conducted by the UN (The United Nations) showed that in the opinion of Brazilians, in general, what it is necessary to change in Brazil for quality of life to improve is, first, education, followed by public policy, violence, moral values \u200b\u200band employment. In the State of S\u00e3o Paulo there was a variation in relation to the national opinion, with moral values \u200b\u200bfirst.<\/p><p><strong>Most likely, if the same survey were done in England or in any other country, the result would be another.<\/strong><\/p><p>And it occurred to me: This applies not only to countries, but also to each of the families and the citizens.<\/p><p>If we stop to think, we will see clearly how the values we experience (or not) in our home, influences our life in general.<\/p><p>I particularly have two very strong and unshakable values, one is respect, and the other is honesty.<\/p><p>I cannot imagine a satisfactorily happy life without the presence of one of these two values.<\/p><p>And analyzing my reality, I see how everyone in my house also adopted the same guiding values, just as I adopted the values of the other members of my family.<\/p><p><strong>And in that I thought as I watched people cross the street\u2026 in the tranquility I was feeling, standing at the traffic light, with the glass open, and not even thinking about checking the mirror to make sure no one was approaching to rob me. And everyone around them was acting the same way.<\/strong><\/p><p>The boy who appeared to be about 10 years of age crossing the street alone, with his school bag, talking on his iPhone, the executive with his backpack, who did not try to disguise the presence of a laptop, and the old man, who walked calmly on the street with his walking stick, not being hit by the other pedestrians, and not bothering to finish crossing quickly, just in case the green light turned red for him.<\/p><p>And I realized the main reason for me to love London, is because people and their values, build a nation and (regardless of the weather), build the quality of life they have. (I\u2019m not just referring to London, but mentioning what I observed while thinking about it. Of course, I love Brazil a lot, however, for different reasons.)<\/p><p>Our values build our reality, as long as we are congruent with them!<\/p><p>After all, what good is it to value education if you\u2019re too lazy to read a book?<\/p><p>Or honesty, if you\u2019re happy when you get a little extra change and you don't even consider returning the difference to the cashier?<\/p><p>Returning to Moral and Civic Education, and knowing that it is no longer compulsory in schools, what can each of us do to incorporate it into our routine to contribute to a more moral and civically satisfying society?<\/p>","_et_gb_content_width":"","footnotes":""},"categories":[130],"tags":[],"class_list":["post-62323","post","type-post","status-publish","format-standard","has-post-thumbnail","hentry","category-articulos"],"acf":[],"yoast_head":"<!-- This site is optimized with the Yoast SEO plugin v26.8 - https:\/\/yoast.com\/product\/yoast-seo-wordpress\/ -->\n<title>Ser v\u00edctima o protagonista es tu propia decisi\u00f3n - International Coaching Community<\/title>\n<meta name=\"robots\" content=\"index, follow, max-snippet:-1, max-image-preview:large, max-video-preview:-1\" \/>\n<link rel=\"canonical\" href=\"https:\/\/internationalcoachingcommunity.com\/es\/ser-victima-o-protagonista-es-tu-propia-decision\/\" \/>\n<meta property=\"og:locale\" content=\"es_ES\" \/>\n<meta property=\"og:type\" content=\"article\" \/>\n<meta property=\"og:title\" content=\"Ser v\u00edctima o protagonista es tu propia decisi\u00f3n - International Coaching Community\" \/>\n<meta property=\"og:description\" content=\"Columna de Karina Pittini, Trainer ICC de Uruguay, en el peri\u00f3dico El Observador.\" \/>\n<meta property=\"og:url\" content=\"https:\/\/internationalcoachingcommunity.com\/es\/ser-victima-o-protagonista-es-tu-propia-decision\/\" \/>\n<meta property=\"og:site_name\" content=\"International Coaching Community\" \/>\n<meta property=\"article:publisher\" content=\"https:\/\/www.facebook.com\/coachingcommunity\" \/>\n<meta property=\"article:published_time\" content=\"2019-06-05T19:35:28+00:00\" \/>\n<meta property=\"article:modified_time\" content=\"2019-06-17T19:36:59+00:00\" \/>\n<meta property=\"og:image\" content=\"https:\/\/internationalcoachingcommunity.com\/wp-content\/uploads\/2019\/06\/5-jun.jpg\" \/>\n\t<meta property=\"og:image:width\" content=\"970\" \/>\n\t<meta property=\"og:image:height\" content=\"645\" \/>\n\t<meta property=\"og:image:type\" content=\"image\/jpeg\" \/>\n<meta name=\"author\" content=\"Alex\" \/>\n<meta name=\"twitter:card\" content=\"summary_large_image\" \/>\n<meta name=\"twitter:creator\" content=\"@icccoaching\" \/>\n<meta name=\"twitter:site\" content=\"@icccoaching\" \/>\n<meta name=\"twitter:label1\" content=\"Escrito por\" \/>\n\t<meta name=\"twitter:data1\" content=\"Alex\" \/>\n\t<meta name=\"twitter:label2\" content=\"Tiempo de lectura\" \/>\n\t<meta name=\"twitter:data2\" content=\"4 minutos\" \/>\n<script type=\"application\/ld+json\" class=\"yoast-schema-graph\">{\"@context\":\"https:\/\/schema.org\",\"@graph\":[{\"@type\":\"Article\",\"@id\":\"https:\/\/internationalcoachingcommunity.com\/es\/ser-victima-o-protagonista-es-tu-propia-decision\/#article\",\"isPartOf\":{\"@id\":\"https:\/\/internationalcoachingcommunity.com\/es\/ser-victima-o-protagonista-es-tu-propia-decision\/\"},\"author\":{\"name\":\"Alex\",\"@id\":\"https:\/\/internationalcoachingcommunity.com\/#\/schema\/person\/fa019c40db8ed5249b248761569a33c0\"},\"headline\":\"Ser v\u00edctima o protagonista es tu propia decisi\u00f3n\",\"datePublished\":\"2019-06-05T19:35:28+00:00\",\"dateModified\":\"2019-06-17T19:36:59+00:00\",\"mainEntityOfPage\":{\"@id\":\"https:\/\/internationalcoachingcommunity.com\/es\/ser-victima-o-protagonista-es-tu-propia-decision\/\"},\"wordCount\":833,\"commentCount\":0,\"publisher\":{\"@id\":\"https:\/\/internationalcoachingcommunity.com\/#organization\"},\"image\":{\"@id\":\"https:\/\/internationalcoachingcommunity.com\/es\/ser-victima-o-protagonista-es-tu-propia-decision\/#primaryimage\"},\"thumbnailUrl\":\"https:\/\/internationalcoachingcommunity.com\/wp-content\/uploads\/2019\/06\/5-jun.jpg\",\"articleSection\":[\"Articulos\"],\"inLanguage\":\"es\",\"potentialAction\":[{\"@type\":\"CommentAction\",\"name\":\"Comment\",\"target\":[\"https:\/\/internationalcoachingcommunity.com\/es\/ser-victima-o-protagonista-es-tu-propia-decision\/#respond\"]}]},{\"@type\":\"WebPage\",\"@id\":\"https:\/\/internationalcoachingcommunity.com\/es\/ser-victima-o-protagonista-es-tu-propia-decision\/\",\"url\":\"https:\/\/internationalcoachingcommunity.com\/es\/ser-victima-o-protagonista-es-tu-propia-decision\/\",\"name\":\"Ser v\u00edctima o protagonista es tu propia decisi\u00f3n - International Coaching Community\",\"isPartOf\":{\"@id\":\"https:\/\/internationalcoachingcommunity.com\/#website\"},\"primaryImageOfPage\":{\"@id\":\"https:\/\/internationalcoachingcommunity.com\/es\/ser-victima-o-protagonista-es-tu-propia-decision\/#primaryimage\"},\"image\":{\"@id\":\"https:\/\/internationalcoachingcommunity.com\/es\/ser-victima-o-protagonista-es-tu-propia-decision\/#primaryimage\"},\"thumbnailUrl\":\"https:\/\/internationalcoachingcommunity.com\/wp-content\/uploads\/2019\/06\/5-jun.jpg\",\"datePublished\":\"2019-06-05T19:35:28+00:00\",\"dateModified\":\"2019-06-17T19:36:59+00:00\",\"breadcrumb\":{\"@id\":\"https:\/\/internationalcoachingcommunity.com\/es\/ser-victima-o-protagonista-es-tu-propia-decision\/#breadcrumb\"},\"inLanguage\":\"es\",\"potentialAction\":[{\"@type\":\"ReadAction\",\"target\":[\"https:\/\/internationalcoachingcommunity.com\/es\/ser-victima-o-protagonista-es-tu-propia-decision\/\"]}]},{\"@type\":\"ImageObject\",\"inLanguage\":\"es\",\"@id\":\"https:\/\/internationalcoachingcommunity.com\/es\/ser-victima-o-protagonista-es-tu-propia-decision\/#primaryimage\",\"url\":\"https:\/\/internationalcoachingcommunity.com\/wp-content\/uploads\/2019\/06\/5-jun.jpg\",\"contentUrl\":\"https:\/\/internationalcoachingcommunity.com\/wp-content\/uploads\/2019\/06\/5-jun.jpg\",\"width\":970,\"height\":645},{\"@type\":\"BreadcrumbList\",\"@id\":\"https:\/\/internationalcoachingcommunity.com\/es\/ser-victima-o-protagonista-es-tu-propia-decision\/#breadcrumb\",\"itemListElement\":[{\"@type\":\"ListItem\",\"position\":1,\"name\":\"Home\",\"item\":\"https:\/\/internationalcoachingcommunity.com\/es\/\"},{\"@type\":\"ListItem\",\"position\":2,\"name\":\"Ser v\u00edctima o protagonista es tu propia decisi\u00f3n\"}]},{\"@type\":\"WebSite\",\"@id\":\"https:\/\/internationalcoachingcommunity.com\/#website\",\"url\":\"https:\/\/internationalcoachingcommunity.com\/\",\"name\":\"International Coaching Community\",\"description\":\"International Coaching Community - One of the biggest professional coaching networks\",\"publisher\":{\"@id\":\"https:\/\/internationalcoachingcommunity.com\/#organization\"},\"potentialAction\":[{\"@type\":\"SearchAction\",\"target\":{\"@type\":\"EntryPoint\",\"urlTemplate\":\"https:\/\/internationalcoachingcommunity.com\/?s={search_term_string}\"},\"query-input\":{\"@type\":\"PropertyValueSpecification\",\"valueRequired\":true,\"valueName\":\"search_term_string\"}}],\"inLanguage\":\"es\"},{\"@type\":\"Organization\",\"@id\":\"https:\/\/internationalcoachingcommunity.com\/#organization\",\"name\":\"International Coaching Community\",\"url\":\"https:\/\/internationalcoachingcommunity.com\/\",\"logo\":{\"@type\":\"ImageObject\",\"inLanguage\":\"es\",\"@id\":\"https:\/\/internationalcoachingcommunity.com\/#\/schema\/logo\/image\/\",\"url\":\"https:\/\/internationalcoachingcommunity.com\/wp-content\/uploads\/2015\/01\/ICC-LOGO-TRANSPARENT-e1487273904115-1.jpg\",\"contentUrl\":\"https:\/\/internationalcoachingcommunity.com\/wp-content\/uploads\/2015\/01\/ICC-LOGO-TRANSPARENT-e1487273904115-1.jpg\",\"width\":320,\"height\":208,\"caption\":\"International Coaching Community\"},\"image\":{\"@id\":\"https:\/\/internationalcoachingcommunity.com\/#\/schema\/logo\/image\/\"},\"sameAs\":[\"https:\/\/www.facebook.com\/coachingcommunity\",\"https:\/\/x.com\/icccoaching\",\"https:\/\/www.linkedin.com\/company-beta\/433586\/\",\"https:\/\/www.youtube.com\/user\/icccoaching\"]},{\"@type\":\"Person\",\"@id\":\"https:\/\/internationalcoachingcommunity.com\/#\/schema\/person\/fa019c40db8ed5249b248761569a33c0\",\"name\":\"Alex\",\"image\":{\"@type\":\"ImageObject\",\"inLanguage\":\"es\",\"@id\":\"https:\/\/internationalcoachingcommunity.com\/#\/schema\/person\/image\/\",\"url\":\"https:\/\/secure.gravatar.com\/avatar\/4a1554f59789c1669fb15d5af62b6d48bb5c4a3656dcc49cec04035b5294bc58?s=96&d=mm&r=g\",\"contentUrl\":\"https:\/\/secure.gravatar.com\/avatar\/4a1554f59789c1669fb15d5af62b6d48bb5c4a3656dcc49cec04035b5294bc58?s=96&d=mm&r=g\",\"caption\":\"Alex\"},\"url\":\"https:\/\/internationalcoachingcommunity.com\/es\/author\/iccadmin\/\"}]}<\/script>\n<!-- \/ Yoast SEO plugin. -->","yoast_head_json":{"title":"Ser v\u00edctima o protagonista es tu propia decisi\u00f3n - International Coaching Community","robots":{"index":"index","follow":"follow","max-snippet":"max-snippet:-1","max-image-preview":"max-image-preview:large","max-video-preview":"max-video-preview:-1"},"canonical":"https:\/\/internationalcoachingcommunity.com\/es\/ser-victima-o-protagonista-es-tu-propia-decision\/","og_locale":"es_ES","og_type":"article","og_title":"Ser v\u00edctima o protagonista es tu propia decisi\u00f3n - International Coaching Community","og_description":"Columna de Karina Pittini, Trainer ICC de Uruguay, en el peri\u00f3dico El Observador.","og_url":"https:\/\/internationalcoachingcommunity.com\/es\/ser-victima-o-protagonista-es-tu-propia-decision\/","og_site_name":"International Coaching Community","article_publisher":"https:\/\/www.facebook.com\/coachingcommunity","article_published_time":"2019-06-05T19:35:28+00:00","article_modified_time":"2019-06-17T19:36:59+00:00","og_image":[{"width":970,"height":645,"url":"https:\/\/internationalcoachingcommunity.com\/wp-content\/uploads\/2019\/06\/5-jun.jpg","type":"image\/jpeg"}],"author":"Alex","twitter_card":"summary_large_image","twitter_creator":"@icccoaching","twitter_site":"@icccoaching","twitter_misc":{"Escrito por":"Alex","Tiempo de lectura":"4 minutos"},"schema":{"@context":"https:\/\/schema.org","@graph":[{"@type":"Article","@id":"https:\/\/internationalcoachingcommunity.com\/es\/ser-victima-o-protagonista-es-tu-propia-decision\/#article","isPartOf":{"@id":"https:\/\/internationalcoachingcommunity.com\/es\/ser-victima-o-protagonista-es-tu-propia-decision\/"},"author":{"name":"Alex","@id":"https:\/\/internationalcoachingcommunity.com\/#\/schema\/person\/fa019c40db8ed5249b248761569a33c0"},"headline":"Ser v\u00edctima o protagonista es tu propia decisi\u00f3n","datePublished":"2019-06-05T19:35:28+00:00","dateModified":"2019-06-17T19:36:59+00:00","mainEntityOfPage":{"@id":"https:\/\/internationalcoachingcommunity.com\/es\/ser-victima-o-protagonista-es-tu-propia-decision\/"},"wordCount":833,"commentCount":0,"publisher":{"@id":"https:\/\/internationalcoachingcommunity.com\/#organization"},"image":{"@id":"https:\/\/internationalcoachingcommunity.com\/es\/ser-victima-o-protagonista-es-tu-propia-decision\/#primaryimage"},"thumbnailUrl":"https:\/\/internationalcoachingcommunity.com\/wp-content\/uploads\/2019\/06\/5-jun.jpg","articleSection":["Articulos"],"inLanguage":"es","potentialAction":[{"@type":"CommentAction","name":"Comment","target":["https:\/\/internationalcoachingcommunity.com\/es\/ser-victima-o-protagonista-es-tu-propia-decision\/#respond"]}]},{"@type":"WebPage","@id":"https:\/\/internationalcoachingcommunity.com\/es\/ser-victima-o-protagonista-es-tu-propia-decision\/","url":"https:\/\/internationalcoachingcommunity.com\/es\/ser-victima-o-protagonista-es-tu-propia-decision\/","name":"Ser v\u00edctima o protagonista es tu propia decisi\u00f3n - International Coaching Community","isPartOf":{"@id":"https:\/\/internationalcoachingcommunity.com\/#website"},"primaryImageOfPage":{"@id":"https:\/\/internationalcoachingcommunity.com\/es\/ser-victima-o-protagonista-es-tu-propia-decision\/#primaryimage"},"image":{"@id":"https:\/\/internationalcoachingcommunity.com\/es\/ser-victima-o-protagonista-es-tu-propia-decision\/#primaryimage"},"thumbnailUrl":"https:\/\/internationalcoachingcommunity.com\/wp-content\/uploads\/2019\/06\/5-jun.jpg","datePublished":"2019-06-05T19:35:28+00:00","dateModified":"2019-06-17T19:36:59+00:00","breadcrumb":{"@id":"https:\/\/internationalcoachingcommunity.com\/es\/ser-victima-o-protagonista-es-tu-propia-decision\/#breadcrumb"},"inLanguage":"es","potentialAction":[{"@type":"ReadAction","target":["https:\/\/internationalcoachingcommunity.com\/es\/ser-victima-o-protagonista-es-tu-propia-decision\/"]}]},{"@type":"ImageObject","inLanguage":"es","@id":"https:\/\/internationalcoachingcommunity.com\/es\/ser-victima-o-protagonista-es-tu-propia-decision\/#primaryimage","url":"https:\/\/internationalcoachingcommunity.com\/wp-content\/uploads\/2019\/06\/5-jun.jpg","contentUrl":"https:\/\/internationalcoachingcommunity.com\/wp-content\/uploads\/2019\/06\/5-jun.jpg","width":970,"height":645},{"@type":"BreadcrumbList","@id":"https:\/\/internationalcoachingcommunity.com\/es\/ser-victima-o-protagonista-es-tu-propia-decision\/#breadcrumb","itemListElement":[{"@type":"ListItem","position":1,"name":"Home","item":"https:\/\/internationalcoachingcommunity.com\/es\/"},{"@type":"ListItem","position":2,"name":"Ser v\u00edctima o protagonista es tu propia decisi\u00f3n"}]},{"@type":"WebSite","@id":"https:\/\/internationalcoachingcommunity.com\/#website","url":"https:\/\/internationalcoachingcommunity.com\/","name":"International Coaching Community","description":"International Coaching Community - One of the biggest professional coaching networks","publisher":{"@id":"https:\/\/internationalcoachingcommunity.com\/#organization"},"potentialAction":[{"@type":"SearchAction","target":{"@type":"EntryPoint","urlTemplate":"https:\/\/internationalcoachingcommunity.com\/?s={search_term_string}"},"query-input":{"@type":"PropertyValueSpecification","valueRequired":true,"valueName":"search_term_string"}}],"inLanguage":"es"},{"@type":"Organization","@id":"https:\/\/internationalcoachingcommunity.com\/#organization","name":"International Coaching Community","url":"https:\/\/internationalcoachingcommunity.com\/","logo":{"@type":"ImageObject","inLanguage":"es","@id":"https:\/\/internationalcoachingcommunity.com\/#\/schema\/logo\/image\/","url":"https:\/\/internationalcoachingcommunity.com\/wp-content\/uploads\/2015\/01\/ICC-LOGO-TRANSPARENT-e1487273904115-1.jpg","contentUrl":"https:\/\/internationalcoachingcommunity.com\/wp-content\/uploads\/2015\/01\/ICC-LOGO-TRANSPARENT-e1487273904115-1.jpg","width":320,"height":208,"caption":"International Coaching Community"},"image":{"@id":"https:\/\/internationalcoachingcommunity.com\/#\/schema\/logo\/image\/"},"sameAs":["https:\/\/www.facebook.com\/coachingcommunity","https:\/\/x.com\/icccoaching","https:\/\/www.linkedin.com\/company-beta\/433586\/","https:\/\/www.youtube.com\/user\/icccoaching"]},{"@type":"Person","@id":"https:\/\/internationalcoachingcommunity.com\/#\/schema\/person\/fa019c40db8ed5249b248761569a33c0","name":"Alex","image":{"@type":"ImageObject","inLanguage":"es","@id":"https:\/\/internationalcoachingcommunity.com\/#\/schema\/person\/image\/","url":"https:\/\/secure.gravatar.com\/avatar\/4a1554f59789c1669fb15d5af62b6d48bb5c4a3656dcc49cec04035b5294bc58?s=96&d=mm&r=g","contentUrl":"https:\/\/secure.gravatar.com\/avatar\/4a1554f59789c1669fb15d5af62b6d48bb5c4a3656dcc49cec04035b5294bc58?s=96&d=mm&r=g","caption":"Alex"},"url":"https:\/\/internationalcoachingcommunity.com\/es\/author\/iccadmin\/"}]}},"_links":{"self":[{"href":"https:\/\/internationalcoachingcommunity.com\/es\/wp-json\/wp\/v2\/posts\/62323","targetHints":{"allow":["GET"]}}],"collection":[{"href":"https:\/\/internationalcoachingcommunity.com\/es\/wp-json\/wp\/v2\/posts"}],"about":[{"href":"https:\/\/internationalcoachingcommunity.com\/es\/wp-json\/wp\/v2\/types\/post"}],"author":[{"embeddable":true,"href":"https:\/\/internationalcoachingcommunity.com\/es\/wp-json\/wp\/v2\/users\/111"}],"replies":[{"embeddable":true,"href":"https:\/\/internationalcoachingcommunity.com\/es\/wp-json\/wp\/v2\/comments?post=62323"}],"version-history":[{"count":2,"href":"https:\/\/internationalcoachingcommunity.com\/es\/wp-json\/wp\/v2\/posts\/62323\/revisions"}],"predecessor-version":[{"id":62339,"href":"https:\/\/internationalcoachingcommunity.com\/es\/wp-json\/wp\/v2\/posts\/62323\/revisions\/62339"}],"wp:featuredmedia":[{"embeddable":true,"href":"https:\/\/internationalcoachingcommunity.com\/es\/wp-json\/wp\/v2\/media\/62330"}],"wp:attachment":[{"href":"https:\/\/internationalcoachingcommunity.com\/es\/wp-json\/wp\/v2\/media?parent=62323"}],"wp:term":[{"taxonomy":"category","embeddable":true,"href":"https:\/\/internationalcoachingcommunity.com\/es\/wp-json\/wp\/v2\/categories?post=62323"},{"taxonomy":"post_tag","embeddable":true,"href":"https:\/\/internationalcoachingcommunity.com\/es\/wp-json\/wp\/v2\/tags?post=62323"}],"curies":[{"name":"wp","href":"https:\/\/api.w.org\/{rel}","templated":true}]}}