{"id":66719,"date":"2021-03-01T19:29:37","date_gmt":"2021-03-01T19:29:37","guid":{"rendered":"https:\/\/internationalcoachingcommunity.com\/?p=66719"},"modified":"2021-03-30T00:12:53","modified_gmt":"2021-03-30T00:12:53","slug":"las-emociones-de-alta-vibracion-tocando-lo-sublime-ii","status":"publish","type":"post","link":"https:\/\/internationalcoachingcommunity.com\/es\/las-emociones-de-alta-vibracion-tocando-lo-sublime-ii\/","title":{"rendered":"Las emociones de alta vibraci\u00f3n. Tocando lo sublime (II)"},"content":{"rendered":"<p>[et_pb_section bb_built=\u00bb1&#8243;][et_pb_row][et_pb_column type=\u00bb4_4&#8243;][et_pb_button admin_label=\u00bbSepa m\u00e1s obre el curso online Coaching y Espiritualidad de Daniel \u00c1lvarez, que empieza el 30\/mar\u00bb _builder_version=\u00bb3.5.1&#8243; button_text=\u00bbSepa m\u00e1s sobre el curso online Coaching y Espiritualidad de Daniel \u00c1lvarez, que empieza el 30\/mar \u00bb\u00bb button_url=\u00bbhttps:\/\/internationalcoachingcommunity.com\/es\/events\/curso-online-coaching-y-espiritualidad-2021\/\u00bb button_alignment=\u00bbcenter\u00bb custom_button=\u00bbon\u00bb button_text_color=\u00bb#ffffff\u00bb button_bg_color=\u00bb#258ead\u00bb button_text_color_hover=\u00bb#258ead\u00bb button_bg_color_hover=\u00bb#ffffff\u00bb button_border_color_hover=\u00bb#258ead\u00bb animation_style=\u00bbfade\u00bb button_use_icon=\u00bboff\u00bb \/][et_pb_text _builder_version=\u00bb3.5.1&#8243;]<\/p>\n<p><img loading=\"lazy\" decoding=\"async\" class=\"alignleft wp-image-66694 size-medium\" src=\"https:\/\/internationalcoachingcommunity.com\/wp-content\/uploads\/2021\/03\/artigo-Daniel-alta-vibracion-II-375x375.jpg\" alt=\"\" width=\"375\" height=\"375\" srcset=\"https:\/\/internationalcoachingcommunity.com\/wp-content\/uploads\/2021\/03\/artigo-Daniel-alta-vibracion-II-375x375.jpg 375w, https:\/\/internationalcoachingcommunity.com\/wp-content\/uploads\/2021\/03\/artigo-Daniel-alta-vibracion-II-225x225.jpg 225w, https:\/\/internationalcoachingcommunity.com\/wp-content\/uploads\/2021\/03\/artigo-Daniel-alta-vibracion-II-336x336.jpg 336w, https:\/\/internationalcoachingcommunity.com\/wp-content\/uploads\/2021\/03\/artigo-Daniel-alta-vibracion-II-45x45.jpg 45w, https:\/\/internationalcoachingcommunity.com\/wp-content\/uploads\/2021\/03\/artigo-Daniel-alta-vibracion-II-100x100.jpg 100w, https:\/\/internationalcoachingcommunity.com\/wp-content\/uploads\/2021\/03\/artigo-Daniel-alta-vibracion-II.jpg 403w\" sizes=\"auto, (max-width: 375px) 100vw, 375px\" \/><\/p>\n<p>Artigo de Daniel \u00c1lvarez*, Trainer ICC de Espa\u00f1a, en el blog &#8216;Universos&#8217;<\/p>\n<h2 class=\"page-title \">Las emociones de alta vibraci\u00f3n II. Tocando lo sublime.<\/h2>\n<div class=\"mk-single-content clearfix\">\n<div class=\"mk-single-content clearfix\">\n<div class=\"mk-single-content clearfix\">\n<p><em>Un relato de ficci\u00f3n para el desarrollo personal.<\/em><br \/>\n<em>Daniel \u00c1lvarez Lamas<\/em><\/p>\n<div>\n<h5><em>Fin del <span style=\"color: #258ead\"><a style=\"color: #258ead\" href=\"https:\/\/internationalcoachingcommunity.com\/es\/las-emociones-de-alta-vibracion-tocando-lo-sublime-i\/\" target=\"_blank\" rel=\"noopener\">anterior cap\u00edtulo<\/a><\/span>. Luis, un experto en inteligencia emocional, habla con Juan, monje de un monasterio. As\u00ed acababa su converesaci\u00f3n:<\/em><\/h5>\n<p><em>Nuestras voces retumbaban en aquella sala amplia y oscura, de techos altos. Me acerqu\u00e9 a \u00e9l, apoy\u00e1ndome en el bordillo de una mesa.<\/em><\/p>\n<\/div>\n<div>\n<p><em>\u2013 Si te entiendo bien, para tener una verdadera claridad mental es necesario un estado de alta vibraci\u00f3n \u2013 recapitul\u00e9 -. Con \u00e9l, nuestro mundo interior se convierte en algo as\u00ed como un ecosistema muy evolucionado, donde solo florecen las emociones m\u00e1s sutiles.<\/em><\/p>\n<p><em>\u2013 As\u00ed es. Y a la inversa tambi\u00e9n \u2013 dijo. \u2013 Cultivando las emociones m\u00e1s sutiles estamos construyendo el estado de alta vibraci\u00f3n.<\/em><\/p>\n<p><em>El hermano Juan me mir\u00f3 c\u00e1lidamente y en silencio mientras barr\u00eda. Satisfecho\u2026 Yo tambi\u00e9n le sonre\u00ed. Me pareci\u00f3 que pod\u00eda estirar un poco m\u00e1s la conversaci\u00f3n\u2026<\/em><\/p>\n<\/div>\n<div>\u2014\u2014\u2014\u2014\u2014\u2014\u2014\u2014\u2014\u2014\u2014\u2014\u2014\u2014\u2014\u2014\u2014\u2014\u2014\u2014\u2014\u2014<\/div>\n<div>\n<p>\u2013 Me gustar\u00eda saber un poco m\u00e1s sobre\u00a0c\u00f3mo crear ese nuevo mundo interior\u00a0\u2013 pregunt\u00e9. \u2013 <strong>Me parece que<\/strong>\u00a0<strong>es posible sentir esas emociones de alta vibraci\u00f3n en etapas anteriores de tu vida, no solo cuando has alcanzado la plenitud \u00bfNo es as\u00ed? <\/strong>\u00bfPor qu\u00e9 hablas de esas emociones solo a partir de que florece la sabidur\u00eda?<\/p>\n<p>\u2013 Tienes raz\u00f3n, Luis. Realmente, estas emociones ya estaban ah\u00ed toda tu vida. Ellas forman parte de nuestro c\u00f3digo gen\u00e9tico \u2013 continu\u00f3 Juan, al tiempo que barr\u00eda -.\u00a0<strong>A lo largo de la vida nos asaltan<\/strong>\u00a0<strong>esas sensaciones tan sutiles y potentes como la bondad, el amor, la paz o el gozo pleno. La diferencia es que cuando llegamos a nuestra etapa de la sabidur\u00eda, cultivamos esas emociones\u00a0<\/strong>con el prop\u00f3sito de mantener\u00a0el estado de plenitud. Esas emociones sustituyen a otras de menor vibraci\u00f3n que campaban a sus anchas en las anteriores etapas.<\/p>\n<\/div>\n<p>\u2013 Entiendo- repuse -. La gran condici\u00f3n para ese estado de alta vibraci\u00f3n es la de dejar atr\u00e1s los deseos correspondientes a la motivaciones m\u00e1s b\u00e1sicas: supervivencia, sexo, poder o incluso deseo de reconocimiento y cari\u00f1o.<\/p>\n<div>\u2013 Eso es \u2013 dijo, ilumin\u00e1ndome con una pl\u00e1cida mirada, sin dejar de barrer -. Esas motivaciones m\u00e1s b\u00e1sicas contin\u00faan, pero est\u00e1n supeditadas a las emociones de alta vibraci\u00f3n. Se da un c\u00edrculo virtuoso: ellas genera sabidur\u00eda\u2026 y gracias a la sabidur\u00eda nos damos cuenta de aquello que nos ayuda a mantener nuestro estado y de aquello que nos contamina.<\/div>\n<p>\u2013 Cu\u00e9ntame m\u00e1s, Juan \u2013 dije, mientras me mov\u00eda para permitirle pasar la escoba debajo de la mesa \u2013 <strong>\u00bfC\u00f3mo es la vida interior de un sabio? \u00bfC\u00f3mo conjuga en la realidad esas emociones tan cautivadoras para lograr su estado de alta vibraci\u00f3n?<\/strong><\/p>\n<p>\u2013 Muy sencillo \u2013 respondi\u00f3. \u2013 Para empezar, <strong>el sabio necesita de la compasi\u00f3n (o bondad), el amor, la alegr\u00eda y la paz.<\/strong> Son las emociones que permiten la comprensi\u00f3n plena. \u00bfSabes lo que es la \u201ccompasi\u00f3n\u201d desde el punto de vista espiritual? \u2013 pregunt\u00f3, estirando la escoba para alcanzar un rinc\u00f3n de la mesa.<\/p>\n<div>\u2013 Seg\u00fan el budismo, por ejemplo, la\u00a0<strong>compasi\u00f3n<\/strong> es compartir el sufrimiento de los dem\u00e1s con el deseo de suprimirlo, pero sin perder la propia felicidad \u2013 respond\u00ed.<\/div>\n<div><\/div>\n<div>\u2013 Eso es. Todas las religiones tienen un concepto parecido \u2013 continu\u00f3 -. San Juan de la Cruz, Mahoma, la Madre Teresa de Calcuta,\u2026 Todos los que tocaron la esencia divina nos recomiendan cultivarla mediante la compasi\u00f3n, que podemos asimilar en la pr\u00e1ctica con lo que entendemos por \u201c<strong>bondad<\/strong>\u201c.<\/div>\n<p>La compasi\u00f3n permite interiorizar los puntos de vista de otras personas, pero no significa sentir l\u00e1stima. La compasi\u00f3n es la energ\u00eda de la ternura, que nos permite mojarnos en la esencia del otro. Esta ternura se combina con la plena conciencia, pues se comparte el sufrimiento del otro sin perder el contacto con tu propio centro. Puedes llamarle bondad pura.<\/p>\n<div>\u2013 Entiendo \u2013 dije. \u2013\u00a0Puede verse como un paso m\u00e1s all\u00e1 de la empat\u00eda, pues mantenemos la m\u00e1xima conexi\u00f3n con el otro junto al cuidado de uno mismo. La bondad es una empat\u00eda de alta vibraci\u00f3n.<\/div>\n<div>\u2013 Una buena perspectiva, Luis \u2013 repuso, parando un momento y sonri\u00e9ndome como si fuera un premio a mi sagacidad -. F\u00edjate en que<strong> tanto la empat\u00eda como la compasi\u00f3n son conceptos muy relacionados con la comprensi\u00f3n\u00a0de los dem\u00e1s<\/strong> \u2013 continu\u00f3, al comp\u00e1s del ritmo con que mov\u00eda la escoba, con la que a veces parec\u00eda que acariciaba el suelo -. Pero no quiero que te quedes ah\u00ed. La compasi\u00f3n puede llevarte\u00a0<strong>no s\u00f3lo a comprender a las personas, sino incluso a comprender cualquier situaci\u00f3n dif\u00edcil<\/strong>. As\u00ed, por ejemplo, cuando hay la t\u00edpica situaci\u00f3n de desesperaci\u00f3n en que te dices \u201c\u00bfQu\u00e9 he hecho yo para merecer esto?\u201d, puedes aplicar la compasi\u00f3n para dejar de obsesionarte y ver la situaci\u00f3n m\u00e1s ampliamente, incluyendo los aspectos positivos que pueda tener. Prueba a hacerlo \u2013 dijo, par\u00e1ndose un momento y dirigi\u00e9ndome una mirada serena pero firme \u2013 \u00bfQu\u00e9 pasar\u00eda si ves esa situaci\u00f3n como a una persona a la que no deseas maltratar con tus \u201cmaldiciones\u201d?<\/div>\n<div><\/div>\n<div>Me qued\u00e9 en silencio unos instantes. Era demasiado chocante\u2026 Eso de \u201crespetar\u201d una situaci\u00f3n desagradable,\u2026 pensar que no tiene mala intenci\u00f3n\u2026<\/div>\n<p>\u2013 Ya entiendo. \u2013 dije, al fin -.\u00a0Al tener malos sentimientos hacia algo externo, estamos masticando nuestro propio veneno. Esos pensamientos negativos nos arrastran a nuestra propia infelicidad.\u00a0Si respetamos la realidad tal como es, podemos aceptarla en un ambiente interior de serenidad. Est\u00e1 claro que <strong>la compasi\u00f3n hacia las personas y las situaciones no solo nos permite comprenderlas, sino que adem\u00e1s desvanece nuestra nube de malos sentimientos,<\/strong> que nos arrastran a la ignorancia \u00a1La compasi\u00f3n es imprescindible para la sabidur\u00eda, sin duda!<\/p>\n<p>\u2013 Exacto, Luis \u2013 replic\u00f3, recuperando su tono m\u00e1s profundo y arcano -. Los malos sentimientos son la fuente de la ignorancia: nos focalizamos s\u00f3lo en un aspecto reducido de la realidad. Si la respetamos y la valoramos, como si fuera una persona a la que queremos de verdad aunque no sea perfecta, nuestro estado de alta vibraci\u00f3n florece, y nuestra sabidur\u00eda y comprensi\u00f3n plenas tambi\u00e9n.<\/p>\n<p>\u2013 La compasi\u00f3n es una t\u00e9cnica de rendimiento mental \u00a1Qu\u00e9 interesante! \u2013 exclam\u00e9, divertido -. A veces nos basta con decir \u201ccu\u00e1nto tengo que agradecer por todo lo bueno que tengo\u201d. Siempre lo hay, si nos paramos a mirar.<\/p>\n<p>\u2013 Es algo m\u00e1s que una t\u00e9cnica \u2013 precis\u00f3 Juan, volviendo a barrer. \u2013 Si nos olvidamos de que la vida es un milagro maravilloso, nos olvidamos de la creencia central de la sabidur\u00eda. No hay nada m\u00e1s admirable, nada m\u00e1s eterno, nada m\u00e1s hermoso. La persona es s\u00f3lo un accidente, \u2013 dijo, con un tono m\u00e1s apagado e \u00edntimo -, pero un accidente milagroso, compuesto de la misma alegr\u00eda de la que se compone la vida. Solo de nosotros depende aprender a vivirla. En esto reside el objeto de la existencia humana.<\/p>\n<div>\u2013 Ya\u2026 \u2013 dije, interiorizando sus palabras -. El principio b\u00e1sico es \u201c<strong>dar gracias a la vida<\/strong>\u201d \u00a1Ni m\u00e1s ni menos que tratar a la vida con respeto! \u2013 exclam\u00e9, sorprendido por descubrir algo tan obvio y revelador a la vez.<\/div>\n<div><\/div>\n<div>Juan sonre\u00eda en silencio. Su rostro parec\u00eda el de un \u00e1ngel. Sin duda, estaba sintiendo eso que llamamos gozo pleno. No me extra\u00f1a que saliera de \u00e9l tanta sabidur\u00eda.<\/div>\n<div><\/div>\n<div>\u2013\u00a0No lo podr\u00eda haber dicho mejor, Luis.\u00a0Debemos tratar a la vida como a un ser querido. Es algo vivo \u2013 dijo, mir\u00e1ndome unos\u00a0momentos en silencio. \u2013 Ahora, si me disculpas, veo que me estoy retrasando y que no voy a acabar de barrer a tiempo \u2013 dijo, mirando el reloj redondo de la pared.<\/div>\n<p>\u2013 Pero veo que hay algo a\u00fan m\u00e1s importante \u2013 respond\u00ed, pensativo. \u2013 La compasi\u00f3n por uno mismo: aceptarnos y valorarnos tal como somos.<\/p>\n<p>\u2013 Sin ninguna duda \u2013 respondi\u00f3 Juan como un resorte. \u2013 Este es el principal entrenamiento del sabio. <strong>Dar gracias a la vida es dar gracias por existir, por ser un individuo.<\/strong> Dar gracias a la vida es valorar la propia existencia. Cuando tienes un sentimiento dif\u00edcil hay una forma infalible de evitar que \u00e9ste contamine todo tu mundo interior. Puedes guardar y cultivar siempre esa\u00a0parte de ti que da gracias por existir. Siempre, siempre la hay. Esa parte mantiene latente un estado brillante de compasi\u00f3n. Util\u00edzalo. Desde ah\u00ed podr\u00e1s ayudar y sostener a cualquier otra parte de ti que sufra un sentimiento dif\u00edcil. Esa ser\u00e1 tu parte de conciencia m\u00e1s elevada y es la base de toda la gesti\u00f3n emocional de alta vibraci\u00f3n.<\/p>\n<p>\u2013 No se me ocurre una forma m\u00e1s pura y sublime de expresar <strong>amor<\/strong> \u2013 dije, con el coraz\u00f3n lleno. -\u2026 Amor\u00a0inconmensurable, amor incondicional.<\/p>\n<p>\u2013 Esa es la fuerza que nace de nosotros para unirnos a los dem\u00e1s, a la vida y a nuestra esencia por encima de cualquier circunstancia. Eso es lo que nos hace brillar \u2013 dijo, emocionado tambi\u00e9n -. Cuando el amor se une a la compasi\u00f3n, genera una fuerza imparable: el amor compasivo\u00a0o, si quieres, el <strong>amor bondadoso<\/strong>.<\/p>\n<p>\u2013 Entiendo\u2026 Solo una cosa m\u00e1s, Juan \u2013 dije, sigui\u00e9ndole al nuevo lugar al que se dirig\u00eda a barrer, cadencioso -. <strong>\u00bfQu\u00e9 hay de la alegr\u00eda?<\/strong> Dijiste que era otra emoci\u00f3n que el sabio deb\u00eda cultivar.<\/p>\n<div>\u2013 Por supuesto, Luis. \u2013 dijo, barriendo cada vez m\u00e1s \u00e1gilmente, aunque sin perder la calma en el hablar -. Pero lo primero es diferenciar tambi\u00e9n de qu\u00e9 tipo de alegr\u00eda estamos hablando.\u00a0<strong>La alegr\u00eda puede llevar a la dispersi\u00f3n<\/strong>, a no prestar atenci\u00f3n y a evadirse de la realidad. Eso no nos lleva a la sabidur\u00eda. Por eso, la t\u00edpica persona precavida no se entrega a la diversi\u00f3n tan f\u00e1cilmente ni se desinhibe.<\/div>\n<div>\u2013 Claro \u2013 intervine, para dar m\u00e1s agilidad tambi\u00e9n a la conversaci\u00f3n -. \u201cDiversi\u00f3n\u201d viene de \u201cdiverso\u201d, que puede significar \u201cdisperso\u201d.\u00a0La alegr\u00eda de la que hablamos se relaciona m\u00e1s con la palabra \u201cdisfrute\u201d o \u201cgozo\u201d. \u00bfQuieres decir que el sabio no se divierte?<\/div>\n<p>\u2013 El sabio se divierte viviendo la realidad, no huyendo de ella \u2013 respondi\u00f3 dejando una pausa. \u2013 La\u00a0alegr\u00eda del sabio es la liviandad que le permite flotar, saltar de una perspectiva a otra hasta encontrar la m\u00e1s adecuada para entender la realidad. Esa sensaci\u00f3n de \u201cjuego\u201d es una caracter\u00edstica de la sabidur\u00eda. <strong>Est\u00e1 muy relacionado con el \u201csentido del humor\u201d.<\/strong><\/p>\n<div>\n<p>\u2013 Claro. Re\u00edrse de todo permite cambiar la perspectiva\u2026 \u00a1Y re\u00edrse de uno mismo ya ni te cuento! \u00bfY c\u00f3mo puede reconocerse ese tipo de alegr\u00eda? \u2013 pregunt\u00e9, para ir al grano lo m\u00e1ximo posible. \u2013 \u00bfC\u00f3mo puede crearse?<\/p>\n<p>Pero Juan ya no me escuchaba. Estaba completamente centrado en su tarea. Aunque no quer\u00eda contrariarme, tampoco pod\u00eda continuar hablando. Yo no quise forzarle tampoco y me apart\u00e9 en silencio. De repente not\u00e9 una presencia junto a la puerta.<\/p>\n<p>\u2013 Buenos d\u00edas \u2013 dijo una voz masculina.<\/p>\n<p>\u2013 Buenos d\u00edas \u2013 contestamos Juan y yo como un eco, al tiempo que nos gir\u00e1bamos.<\/p>\n<p>\u2013 Parece que Juan ya no puede ayudarte \u2013 me dijo aquel hombre con sonrisa socarrona y mirada amable.<\/p>\n<p>\u2013 Oh, se\u00f1or prior, disc\u00falpeme \u2013 dije, azorado.<\/p>\n<p>\u2013 \u00a1Es un alumno muy pertinaz! \u2013 dijo Juan refiri\u00e9ndose a m\u00ed y ri\u00e9ndose de la sorpresa y de mi susto.<\/p>\n<p>\u2013 No te preocupes, Juan \u2013 le dijo el prior -. Yo atender\u00e9 a nuestro invitado.<\/p>\n<p>Juan le sonri\u00f3 ampliamente y continu\u00f3 barriendo\u00a0 El prior era un hombre entrado en a\u00f1os pero fuerte y un poco rudo. Le conoc\u00eda porque era familiar de un buen amigo, aunque nunca hab\u00eda conversado con \u00e9l.<\/p>\n<p><em>Gracias por tu atenci\u00f3n. Espero que te haya gustado.<br \/>\nCualquier aportaci\u00f3n o correcci\u00f3n que creas oportuna ser\u00e1 bienvenida en <a href=\"mailto:daniel.alvarez@benpensante.com\">daniel.alvarez@benpensante.com<\/a>.<\/em><\/p>\n<\/div>\n<\/div>\n<\/div>\n<\/div>\n<p>[\/et_pb_text][et_pb_text admin_label=\u00bb*Daniel\u00bb _builder_version=\u00bb3.5.1&#8243;]<\/p>\n<div>\n<div><em>*Daniel \u00c1lvarez es licenciado en Econom\u00eda, con especializaci\u00f3n directiva en IESE e Instituto de empresa. Tras una exitosa trayectoria de 14 a\u00f1os como directivo en el BBVA, en 2006 decide dar un giro para dedicarse por completo a su vocaci\u00f3n: el desarrollo integral y profesional de las personas. Coach internacional por la ICC y Master Practitioner por la NLP University de Santa Cruz (California), es uno de los Trainers oficiales de la ICC en el mundo, colaborando habitualmente con Joseph O\u2019Connor, Andrea Lages y otros maestros internacionales del coaching. Forma parte junto a Joseph y Andrea de ROI Coaching, desde donde realiza trabajos a nivel internacional. Editor del Observatorio Europeo del Coaching. Fundador del Instituto Ben Pensante, y conferenciante sobre Coaching, Negociaci\u00f3n y Direcci\u00f3n de Personas, actualmente compagina su trabajo como Trainer oficial de coaches para Espa\u00f1a de la ICC, con el de coach de directivos y consultor de organizaci\u00f3n empresarial, trabajando para empresas como Unilever, Repsol y Finsa, entre otras.<\/em><\/div>\n<\/div>\n<p>[\/et_pb_text][et_pb_text admin_label=\u00bbPara leer\/conocer\u00bb _builder_version=\u00bb3.5.1&#8243;]<\/p>\n<p><b>Para ver el art\u00edculo original en el Blog Universos, haz clic <a href=\"https:\/\/universos.es\/emociones-de-alta-vibracion-ii-el-camino-de-la-sabiduria\/\" target=\"_blank\" rel=\"noopener noreferrer\">aqu\u00ed<\/a><br \/>\n<\/b><b>Para conocer m\u00e1s acerca de Daniel \u00c1lvarez, haz clic <\/b><a style=\"font-weight: bold\" href=\"https:\/\/internationalcoachingcommunity.com\/es\/daniel-alvarez-lamas\/\" target=\"_blank\" rel=\"noopener noreferrer\">aqu\u00ed<\/a><\/p>\n<p>[\/et_pb_text][\/et_pb_column][\/et_pb_row][\/et_pb_section]<\/p>\n","protected":false},"excerpt":{"rendered":"<p>Art\u00edculo de Daniel \u00c1lvarez, Trainer ICC de Espa\u00f1a, en el blog Universos.<\/p>\n","protected":false},"author":111,"featured_media":66698,"comment_status":"open","ping_status":"open","sticky":false,"template":"","format":"standard","meta":{"_acf_changed":false,"_et_pb_use_builder":"on","_et_pb_old_content":"<p><strong>In my early years of school, one of my favorite subjects was called Moral and Civic Education.<\/strong><\/p><p>Depending on when each reader lived his childhood, he will know what I mean.<\/p><p>For those who do not know, M.C.E. was a formal and compulsory subject in schools, which was intended to help educate good citizens, who knew their duties and rights.<\/p><p>But this goal I only discovered recently, at that time the literal meaning of these words never occurred to me, I simply loved to paint the cartoons of the comic strips, the Brazilian flag, and to talk about the daily facts of my city and country. This was much cooler than decorating the tables or learning about things that had happened and stopped happening hundreds of years before I even existed!<\/p><p><strong>The other day, driving back to my house here in London, I watched people cross the street in front of me, and thought\u2026 how do the moral values of a culture or region directly reflect the everyday reality of an entire nation?<\/strong><\/p><p>And I\u2019ve thought of all the countries I\u2019ve been to, which are dozens of them, and cultures in general, and how clear it is to understand which are those values established strongly from the cradle, in that culture of which that person did and of which he is a part.<\/p><p>An IVH (Human Value Index) survey conducted by the UN (The United Nations) showed that in the opinion of Brazilians, in general, what it is necessary to change in Brazil for quality of life to improve is, first, education, followed by public policy, violence, moral values \u200b\u200band employment. In the State of S\u00e3o Paulo there was a variation in relation to the national opinion, with moral values \u200b\u200bfirst.<\/p><p><strong>Most likely, if the same survey were done in England or in any other country, the result would be another.<\/strong><\/p><p>And it occurred to me: This applies not only to countries, but also to each of the families and the citizens.<\/p><p>If we stop to think, we will see clearly how the values we experience (or not) in our home, influences our life in general.<\/p><p>I particularly have two very strong and unshakable values, one is respect, and the other is honesty.<\/p><p>I cannot imagine a satisfactorily happy life without the presence of one of these two values.<\/p><p>And analyzing my reality, I see how everyone in my house also adopted the same guiding values, just as I adopted the values of the other members of my family.<\/p><p><strong>And in that I thought as I watched people cross the street\u2026 in the tranquility I was feeling, standing at the traffic light, with the glass open, and not even thinking about checking the mirror to make sure no one was approaching to rob me. And everyone around them was acting the same way.<\/strong><\/p><p>The boy who appeared to be about 10 years of age crossing the street alone, with his school bag, talking on his iPhone, the executive with his backpack, who did not try to disguise the presence of a laptop, and the old man, who walked calmly on the street with his walking stick, not being hit by the other pedestrians, and not bothering to finish crossing quickly, just in case the green light turned red for him.<\/p><p>And I realized the main reason for me to love London, is because people and their values, build a nation and (regardless of the weather), build the quality of life they have. (I\u2019m not just referring to London, but mentioning what I observed while thinking about it. Of course, I love Brazil a lot, however, for different reasons.)<\/p><p>Our values build our reality, as long as we are congruent with them!<\/p><p>After all, what good is it to value education if you\u2019re too lazy to read a book?<\/p><p>Or honesty, if you\u2019re happy when you get a little extra change and you don't even consider returning the difference to the cashier?<\/p><p>Returning to Moral and Civic Education, and knowing that it is no longer compulsory in schools, what can each of us do to incorporate it into our routine to contribute to a more moral and civically satisfying society?<\/p>","_et_gb_content_width":"","footnotes":""},"categories":[130],"tags":[],"class_list":["post-66719","post","type-post","status-publish","format-standard","has-post-thumbnail","hentry","category-articulos"],"acf":[],"yoast_head":"<!-- This site is optimized with the Yoast SEO plugin v26.8 - https:\/\/yoast.com\/product\/yoast-seo-wordpress\/ -->\n<title>Las emociones de alta vibraci\u00f3n. Tocando lo sublime (II) - International Coaching Community<\/title>\n<meta name=\"robots\" content=\"index, follow, max-snippet:-1, max-image-preview:large, max-video-preview:-1\" \/>\n<link rel=\"canonical\" href=\"https:\/\/internationalcoachingcommunity.com\/es\/las-emociones-de-alta-vibracion-tocando-lo-sublime-ii\/\" \/>\n<meta property=\"og:locale\" content=\"es_ES\" \/>\n<meta property=\"og:type\" content=\"article\" \/>\n<meta property=\"og:title\" content=\"Las emociones de alta vibraci\u00f3n. Tocando lo sublime (II) - International Coaching Community\" \/>\n<meta property=\"og:description\" content=\"Art\u00edculo de Daniel \u00c1lvarez, Trainer ICC de Espa\u00f1a, en el blog Universos.\" \/>\n<meta property=\"og:url\" content=\"https:\/\/internationalcoachingcommunity.com\/es\/las-emociones-de-alta-vibracion-tocando-lo-sublime-ii\/\" \/>\n<meta property=\"og:site_name\" content=\"International Coaching Community\" \/>\n<meta property=\"article:publisher\" content=\"https:\/\/www.facebook.com\/coachingcommunity\" \/>\n<meta property=\"article:published_time\" content=\"2021-03-01T19:29:37+00:00\" \/>\n<meta property=\"article:modified_time\" content=\"2021-03-30T00:12:53+00:00\" \/>\n<meta property=\"og:image\" content=\"https:\/\/internationalcoachingcommunity.com\/wp-content\/uploads\/2021\/03\/artigo-Daniel-alta-vibracion-II_RET.jpg\" \/>\n\t<meta property=\"og:image:width\" content=\"721\" \/>\n\t<meta property=\"og:image:height\" content=\"403\" \/>\n\t<meta property=\"og:image:type\" content=\"image\/jpeg\" \/>\n<meta name=\"author\" content=\"Alex\" \/>\n<meta name=\"twitter:card\" content=\"summary_large_image\" \/>\n<meta name=\"twitter:creator\" content=\"@icccoaching\" \/>\n<meta name=\"twitter:site\" content=\"@icccoaching\" \/>\n<meta name=\"twitter:label1\" content=\"Escrito por\" \/>\n\t<meta name=\"twitter:data1\" content=\"Alex\" \/>\n\t<meta name=\"twitter:label2\" content=\"Tiempo de lectura\" \/>\n\t<meta name=\"twitter:data2\" content=\"12 minutos\" \/>\n<script type=\"application\/ld+json\" class=\"yoast-schema-graph\">{\"@context\":\"https:\/\/schema.org\",\"@graph\":[{\"@type\":\"Article\",\"@id\":\"https:\/\/internationalcoachingcommunity.com\/es\/las-emociones-de-alta-vibracion-tocando-lo-sublime-ii\/#article\",\"isPartOf\":{\"@id\":\"https:\/\/internationalcoachingcommunity.com\/es\/las-emociones-de-alta-vibracion-tocando-lo-sublime-ii\/\"},\"author\":{\"name\":\"Alex\",\"@id\":\"https:\/\/internationalcoachingcommunity.com\/#\/schema\/person\/fa019c40db8ed5249b248761569a33c0\"},\"headline\":\"Las emociones de alta vibraci\u00f3n. Tocando lo sublime (II)\",\"datePublished\":\"2021-03-01T19:29:37+00:00\",\"dateModified\":\"2021-03-30T00:12:53+00:00\",\"mainEntityOfPage\":{\"@id\":\"https:\/\/internationalcoachingcommunity.com\/es\/las-emociones-de-alta-vibracion-tocando-lo-sublime-ii\/\"},\"wordCount\":2405,\"commentCount\":0,\"publisher\":{\"@id\":\"https:\/\/internationalcoachingcommunity.com\/#organization\"},\"image\":{\"@id\":\"https:\/\/internationalcoachingcommunity.com\/es\/las-emociones-de-alta-vibracion-tocando-lo-sublime-ii\/#primaryimage\"},\"thumbnailUrl\":\"https:\/\/internationalcoachingcommunity.com\/wp-content\/uploads\/2021\/03\/artigo-Daniel-alta-vibracion-II_RET.jpg\",\"articleSection\":[\"Articulos\"],\"inLanguage\":\"es\",\"potentialAction\":[{\"@type\":\"CommentAction\",\"name\":\"Comment\",\"target\":[\"https:\/\/internationalcoachingcommunity.com\/es\/las-emociones-de-alta-vibracion-tocando-lo-sublime-ii\/#respond\"]}]},{\"@type\":\"WebPage\",\"@id\":\"https:\/\/internationalcoachingcommunity.com\/es\/las-emociones-de-alta-vibracion-tocando-lo-sublime-ii\/\",\"url\":\"https:\/\/internationalcoachingcommunity.com\/es\/las-emociones-de-alta-vibracion-tocando-lo-sublime-ii\/\",\"name\":\"Las emociones de alta vibraci\u00f3n. Tocando lo sublime (II) - International Coaching Community\",\"isPartOf\":{\"@id\":\"https:\/\/internationalcoachingcommunity.com\/#website\"},\"primaryImageOfPage\":{\"@id\":\"https:\/\/internationalcoachingcommunity.com\/es\/las-emociones-de-alta-vibracion-tocando-lo-sublime-ii\/#primaryimage\"},\"image\":{\"@id\":\"https:\/\/internationalcoachingcommunity.com\/es\/las-emociones-de-alta-vibracion-tocando-lo-sublime-ii\/#primaryimage\"},\"thumbnailUrl\":\"https:\/\/internationalcoachingcommunity.com\/wp-content\/uploads\/2021\/03\/artigo-Daniel-alta-vibracion-II_RET.jpg\",\"datePublished\":\"2021-03-01T19:29:37+00:00\",\"dateModified\":\"2021-03-30T00:12:53+00:00\",\"breadcrumb\":{\"@id\":\"https:\/\/internationalcoachingcommunity.com\/es\/las-emociones-de-alta-vibracion-tocando-lo-sublime-ii\/#breadcrumb\"},\"inLanguage\":\"es\",\"potentialAction\":[{\"@type\":\"ReadAction\",\"target\":[\"https:\/\/internationalcoachingcommunity.com\/es\/las-emociones-de-alta-vibracion-tocando-lo-sublime-ii\/\"]}]},{\"@type\":\"ImageObject\",\"inLanguage\":\"es\",\"@id\":\"https:\/\/internationalcoachingcommunity.com\/es\/las-emociones-de-alta-vibracion-tocando-lo-sublime-ii\/#primaryimage\",\"url\":\"https:\/\/internationalcoachingcommunity.com\/wp-content\/uploads\/2021\/03\/artigo-Daniel-alta-vibracion-II_RET.jpg\",\"contentUrl\":\"https:\/\/internationalcoachingcommunity.com\/wp-content\/uploads\/2021\/03\/artigo-Daniel-alta-vibracion-II_RET.jpg\",\"width\":721,\"height\":403},{\"@type\":\"BreadcrumbList\",\"@id\":\"https:\/\/internationalcoachingcommunity.com\/es\/las-emociones-de-alta-vibracion-tocando-lo-sublime-ii\/#breadcrumb\",\"itemListElement\":[{\"@type\":\"ListItem\",\"position\":1,\"name\":\"Home\",\"item\":\"https:\/\/internationalcoachingcommunity.com\/es\/\"},{\"@type\":\"ListItem\",\"position\":2,\"name\":\"Las emociones de alta vibraci\u00f3n. Tocando lo sublime (II)\"}]},{\"@type\":\"WebSite\",\"@id\":\"https:\/\/internationalcoachingcommunity.com\/#website\",\"url\":\"https:\/\/internationalcoachingcommunity.com\/\",\"name\":\"International Coaching Community\",\"description\":\"International Coaching Community - One of the biggest professional coaching networks\",\"publisher\":{\"@id\":\"https:\/\/internationalcoachingcommunity.com\/#organization\"},\"potentialAction\":[{\"@type\":\"SearchAction\",\"target\":{\"@type\":\"EntryPoint\",\"urlTemplate\":\"https:\/\/internationalcoachingcommunity.com\/?s={search_term_string}\"},\"query-input\":{\"@type\":\"PropertyValueSpecification\",\"valueRequired\":true,\"valueName\":\"search_term_string\"}}],\"inLanguage\":\"es\"},{\"@type\":\"Organization\",\"@id\":\"https:\/\/internationalcoachingcommunity.com\/#organization\",\"name\":\"International Coaching Community\",\"url\":\"https:\/\/internationalcoachingcommunity.com\/\",\"logo\":{\"@type\":\"ImageObject\",\"inLanguage\":\"es\",\"@id\":\"https:\/\/internationalcoachingcommunity.com\/#\/schema\/logo\/image\/\",\"url\":\"https:\/\/internationalcoachingcommunity.com\/wp-content\/uploads\/2015\/01\/ICC-LOGO-TRANSPARENT-e1487273904115-1.jpg\",\"contentUrl\":\"https:\/\/internationalcoachingcommunity.com\/wp-content\/uploads\/2015\/01\/ICC-LOGO-TRANSPARENT-e1487273904115-1.jpg\",\"width\":320,\"height\":208,\"caption\":\"International Coaching Community\"},\"image\":{\"@id\":\"https:\/\/internationalcoachingcommunity.com\/#\/schema\/logo\/image\/\"},\"sameAs\":[\"https:\/\/www.facebook.com\/coachingcommunity\",\"https:\/\/x.com\/icccoaching\",\"https:\/\/www.linkedin.com\/company-beta\/433586\/\",\"https:\/\/www.youtube.com\/user\/icccoaching\"]},{\"@type\":\"Person\",\"@id\":\"https:\/\/internationalcoachingcommunity.com\/#\/schema\/person\/fa019c40db8ed5249b248761569a33c0\",\"name\":\"Alex\",\"image\":{\"@type\":\"ImageObject\",\"inLanguage\":\"es\",\"@id\":\"https:\/\/internationalcoachingcommunity.com\/#\/schema\/person\/image\/\",\"url\":\"https:\/\/secure.gravatar.com\/avatar\/4a1554f59789c1669fb15d5af62b6d48bb5c4a3656dcc49cec04035b5294bc58?s=96&d=mm&r=g\",\"contentUrl\":\"https:\/\/secure.gravatar.com\/avatar\/4a1554f59789c1669fb15d5af62b6d48bb5c4a3656dcc49cec04035b5294bc58?s=96&d=mm&r=g\",\"caption\":\"Alex\"},\"url\":\"https:\/\/internationalcoachingcommunity.com\/es\/author\/iccadmin\/\"}]}<\/script>\n<!-- \/ Yoast SEO plugin. -->","yoast_head_json":{"title":"Las emociones de alta vibraci\u00f3n. Tocando lo sublime (II) - International Coaching Community","robots":{"index":"index","follow":"follow","max-snippet":"max-snippet:-1","max-image-preview":"max-image-preview:large","max-video-preview":"max-video-preview:-1"},"canonical":"https:\/\/internationalcoachingcommunity.com\/es\/las-emociones-de-alta-vibracion-tocando-lo-sublime-ii\/","og_locale":"es_ES","og_type":"article","og_title":"Las emociones de alta vibraci\u00f3n. Tocando lo sublime (II) - International Coaching Community","og_description":"Art\u00edculo de Daniel \u00c1lvarez, Trainer ICC de Espa\u00f1a, en el blog Universos.","og_url":"https:\/\/internationalcoachingcommunity.com\/es\/las-emociones-de-alta-vibracion-tocando-lo-sublime-ii\/","og_site_name":"International Coaching Community","article_publisher":"https:\/\/www.facebook.com\/coachingcommunity","article_published_time":"2021-03-01T19:29:37+00:00","article_modified_time":"2021-03-30T00:12:53+00:00","og_image":[{"width":721,"height":403,"url":"https:\/\/internationalcoachingcommunity.com\/wp-content\/uploads\/2021\/03\/artigo-Daniel-alta-vibracion-II_RET.jpg","type":"image\/jpeg"}],"author":"Alex","twitter_card":"summary_large_image","twitter_creator":"@icccoaching","twitter_site":"@icccoaching","twitter_misc":{"Escrito por":"Alex","Tiempo de lectura":"12 minutos"},"schema":{"@context":"https:\/\/schema.org","@graph":[{"@type":"Article","@id":"https:\/\/internationalcoachingcommunity.com\/es\/las-emociones-de-alta-vibracion-tocando-lo-sublime-ii\/#article","isPartOf":{"@id":"https:\/\/internationalcoachingcommunity.com\/es\/las-emociones-de-alta-vibracion-tocando-lo-sublime-ii\/"},"author":{"name":"Alex","@id":"https:\/\/internationalcoachingcommunity.com\/#\/schema\/person\/fa019c40db8ed5249b248761569a33c0"},"headline":"Las emociones de alta vibraci\u00f3n. Tocando lo sublime (II)","datePublished":"2021-03-01T19:29:37+00:00","dateModified":"2021-03-30T00:12:53+00:00","mainEntityOfPage":{"@id":"https:\/\/internationalcoachingcommunity.com\/es\/las-emociones-de-alta-vibracion-tocando-lo-sublime-ii\/"},"wordCount":2405,"commentCount":0,"publisher":{"@id":"https:\/\/internationalcoachingcommunity.com\/#organization"},"image":{"@id":"https:\/\/internationalcoachingcommunity.com\/es\/las-emociones-de-alta-vibracion-tocando-lo-sublime-ii\/#primaryimage"},"thumbnailUrl":"https:\/\/internationalcoachingcommunity.com\/wp-content\/uploads\/2021\/03\/artigo-Daniel-alta-vibracion-II_RET.jpg","articleSection":["Articulos"],"inLanguage":"es","potentialAction":[{"@type":"CommentAction","name":"Comment","target":["https:\/\/internationalcoachingcommunity.com\/es\/las-emociones-de-alta-vibracion-tocando-lo-sublime-ii\/#respond"]}]},{"@type":"WebPage","@id":"https:\/\/internationalcoachingcommunity.com\/es\/las-emociones-de-alta-vibracion-tocando-lo-sublime-ii\/","url":"https:\/\/internationalcoachingcommunity.com\/es\/las-emociones-de-alta-vibracion-tocando-lo-sublime-ii\/","name":"Las emociones de alta vibraci\u00f3n. Tocando lo sublime (II) - International Coaching Community","isPartOf":{"@id":"https:\/\/internationalcoachingcommunity.com\/#website"},"primaryImageOfPage":{"@id":"https:\/\/internationalcoachingcommunity.com\/es\/las-emociones-de-alta-vibracion-tocando-lo-sublime-ii\/#primaryimage"},"image":{"@id":"https:\/\/internationalcoachingcommunity.com\/es\/las-emociones-de-alta-vibracion-tocando-lo-sublime-ii\/#primaryimage"},"thumbnailUrl":"https:\/\/internationalcoachingcommunity.com\/wp-content\/uploads\/2021\/03\/artigo-Daniel-alta-vibracion-II_RET.jpg","datePublished":"2021-03-01T19:29:37+00:00","dateModified":"2021-03-30T00:12:53+00:00","breadcrumb":{"@id":"https:\/\/internationalcoachingcommunity.com\/es\/las-emociones-de-alta-vibracion-tocando-lo-sublime-ii\/#breadcrumb"},"inLanguage":"es","potentialAction":[{"@type":"ReadAction","target":["https:\/\/internationalcoachingcommunity.com\/es\/las-emociones-de-alta-vibracion-tocando-lo-sublime-ii\/"]}]},{"@type":"ImageObject","inLanguage":"es","@id":"https:\/\/internationalcoachingcommunity.com\/es\/las-emociones-de-alta-vibracion-tocando-lo-sublime-ii\/#primaryimage","url":"https:\/\/internationalcoachingcommunity.com\/wp-content\/uploads\/2021\/03\/artigo-Daniel-alta-vibracion-II_RET.jpg","contentUrl":"https:\/\/internationalcoachingcommunity.com\/wp-content\/uploads\/2021\/03\/artigo-Daniel-alta-vibracion-II_RET.jpg","width":721,"height":403},{"@type":"BreadcrumbList","@id":"https:\/\/internationalcoachingcommunity.com\/es\/las-emociones-de-alta-vibracion-tocando-lo-sublime-ii\/#breadcrumb","itemListElement":[{"@type":"ListItem","position":1,"name":"Home","item":"https:\/\/internationalcoachingcommunity.com\/es\/"},{"@type":"ListItem","position":2,"name":"Las emociones de alta vibraci\u00f3n. Tocando lo sublime (II)"}]},{"@type":"WebSite","@id":"https:\/\/internationalcoachingcommunity.com\/#website","url":"https:\/\/internationalcoachingcommunity.com\/","name":"International Coaching Community","description":"International Coaching Community - One of the biggest professional coaching networks","publisher":{"@id":"https:\/\/internationalcoachingcommunity.com\/#organization"},"potentialAction":[{"@type":"SearchAction","target":{"@type":"EntryPoint","urlTemplate":"https:\/\/internationalcoachingcommunity.com\/?s={search_term_string}"},"query-input":{"@type":"PropertyValueSpecification","valueRequired":true,"valueName":"search_term_string"}}],"inLanguage":"es"},{"@type":"Organization","@id":"https:\/\/internationalcoachingcommunity.com\/#organization","name":"International Coaching Community","url":"https:\/\/internationalcoachingcommunity.com\/","logo":{"@type":"ImageObject","inLanguage":"es","@id":"https:\/\/internationalcoachingcommunity.com\/#\/schema\/logo\/image\/","url":"https:\/\/internationalcoachingcommunity.com\/wp-content\/uploads\/2015\/01\/ICC-LOGO-TRANSPARENT-e1487273904115-1.jpg","contentUrl":"https:\/\/internationalcoachingcommunity.com\/wp-content\/uploads\/2015\/01\/ICC-LOGO-TRANSPARENT-e1487273904115-1.jpg","width":320,"height":208,"caption":"International Coaching Community"},"image":{"@id":"https:\/\/internationalcoachingcommunity.com\/#\/schema\/logo\/image\/"},"sameAs":["https:\/\/www.facebook.com\/coachingcommunity","https:\/\/x.com\/icccoaching","https:\/\/www.linkedin.com\/company-beta\/433586\/","https:\/\/www.youtube.com\/user\/icccoaching"]},{"@type":"Person","@id":"https:\/\/internationalcoachingcommunity.com\/#\/schema\/person\/fa019c40db8ed5249b248761569a33c0","name":"Alex","image":{"@type":"ImageObject","inLanguage":"es","@id":"https:\/\/internationalcoachingcommunity.com\/#\/schema\/person\/image\/","url":"https:\/\/secure.gravatar.com\/avatar\/4a1554f59789c1669fb15d5af62b6d48bb5c4a3656dcc49cec04035b5294bc58?s=96&d=mm&r=g","contentUrl":"https:\/\/secure.gravatar.com\/avatar\/4a1554f59789c1669fb15d5af62b6d48bb5c4a3656dcc49cec04035b5294bc58?s=96&d=mm&r=g","caption":"Alex"},"url":"https:\/\/internationalcoachingcommunity.com\/es\/author\/iccadmin\/"}]}},"_links":{"self":[{"href":"https:\/\/internationalcoachingcommunity.com\/es\/wp-json\/wp\/v2\/posts\/66719","targetHints":{"allow":["GET"]}}],"collection":[{"href":"https:\/\/internationalcoachingcommunity.com\/es\/wp-json\/wp\/v2\/posts"}],"about":[{"href":"https:\/\/internationalcoachingcommunity.com\/es\/wp-json\/wp\/v2\/types\/post"}],"author":[{"embeddable":true,"href":"https:\/\/internationalcoachingcommunity.com\/es\/wp-json\/wp\/v2\/users\/111"}],"replies":[{"embeddable":true,"href":"https:\/\/internationalcoachingcommunity.com\/es\/wp-json\/wp\/v2\/comments?post=66719"}],"version-history":[{"count":6,"href":"https:\/\/internationalcoachingcommunity.com\/es\/wp-json\/wp\/v2\/posts\/66719\/revisions"}],"predecessor-version":[{"id":66727,"href":"https:\/\/internationalcoachingcommunity.com\/es\/wp-json\/wp\/v2\/posts\/66719\/revisions\/66727"}],"wp:featuredmedia":[{"embeddable":true,"href":"https:\/\/internationalcoachingcommunity.com\/es\/wp-json\/wp\/v2\/media\/66698"}],"wp:attachment":[{"href":"https:\/\/internationalcoachingcommunity.com\/es\/wp-json\/wp\/v2\/media?parent=66719"}],"wp:term":[{"taxonomy":"category","embeddable":true,"href":"https:\/\/internationalcoachingcommunity.com\/es\/wp-json\/wp\/v2\/categories?post=66719"},{"taxonomy":"post_tag","embeddable":true,"href":"https:\/\/internationalcoachingcommunity.com\/es\/wp-json\/wp\/v2\/tags?post=66719"}],"curies":[{"name":"wp","href":"https:\/\/api.w.org\/{rel}","templated":true}]}}