{"id":76281,"date":"2025-02-11T10:59:08","date_gmt":"2025-02-11T10:59:08","guid":{"rendered":"https:\/\/internationalcoachingcommunity.com\/?p=76281"},"modified":"2025-02-27T20:35:48","modified_gmt":"2025-02-27T20:35:48","slug":"webinar-gratis-emociones-aliado-imprescindible-del-coaching","status":"publish","type":"post","link":"https:\/\/internationalcoachingcommunity.com\/es\/webinar-gratis-emociones-aliado-imprescindible-del-coaching\/","title":{"rendered":"WEBINAR GRATIS: Emociones &#8211; aliado imprescindible del Coaching"},"content":{"rendered":"<p>[et_pb_section fb_built=\u00bb1&#8243; fullwidth=\u00bbon\u00bb _builder_version=\u00bb4.19.0&#8243; _module_preset=\u00bbdefault\u00bb background_image=\u00bbhttps:\/\/internationalcoachingcommunity.com\/wp-content\/uploads\/2025\/02\/CE-Emociones-27-feb-BANNER.png\u00bb height=\u00bb270px\u00bb custom_padding=\u00bb0px||||false|false\u00bb global_colors_info=\u00bb{}\u00bb][et_pb_fullwidth_header admin_label=\u00bbWEBINAR GRATIS Emociones: aliado imprescindible del Coaching\u00bb _builder_version=\u00bb4.19.0&#8243; _module_preset=\u00bbdefault\u00bb background_enable_color=\u00bboff\u00bb background_enable_image=\u00bboff\u00bb custom_margin=\u00bb||||false|false\u00bb custom_padding=\u00bb||||false|false\u00bb hover_enabled=\u00bb0&#8243; locked=\u00bboff\u00bb global_colors_info=\u00bb{}\u00bb sticky_enabled=\u00bb0&#8243;]<\/p>\n<h4 style=\"text-align: center\"><strong>WEBINAR GRATIS<\/strong><\/h4>\n<h1 style=\"text-align: center\"><strong>Emociones: aliado imprescindible del Coaching<\/strong><\/h1>\n<p>[\/et_pb_fullwidth_header][\/et_pb_section][et_pb_section fb_built=\u00bb1&#8243; _builder_version=\u00bb4.19.0&#8243; _module_preset=\u00bbdefault\u00bb background_enable_color=\u00bboff\u00bb custom_padding=\u00bb5px||5px||false|false\u00bb global_colors_info=\u00bb{}\u00bb][et_pb_row column_structure=\u00bb1_3,1_3,1_3&#8243; _builder_version=\u00bb4.19.0&#8243; _module_preset=\u00bbdefault\u00bb custom_padding=\u00bb||0px||false|false\u00bb global_colors_info=\u00bb{}\u00bb][et_pb_column type=\u00bb1_3&#8243; _builder_version=\u00bb4.19.0&#8243; _module_preset=\u00bbdefault\u00bb global_colors_info=\u00bb{}\u00bb][et_pb_text admin_label=\u00bbFecha\u00bb _builder_version=\u00bb4.19.0&#8243; _module_preset=\u00bbdefault\u00bb custom_padding=\u00bb0px|||||\u00bb global_colors_info=\u00bb{}\u00bb]<\/p>\n<h1 style=\"text-align: center\"><strong><span style=\"color: #258ead\">27 de febrero, 2025<\/span><\/strong><\/h1>\n<p>[\/et_pb_text][\/et_pb_column][et_pb_column type=\u00bb1_3&#8243; _builder_version=\u00bb4.19.0&#8243; _module_preset=\u00bbdefault\u00bb global_colors_info=\u00bb{}\u00bb][et_pb_text admin_label=\u00bbHorario\u00bb _builder_version=\u00bb4.19.0&#8243; _module_preset=\u00bbdefault\u00bb custom_padding=\u00bb||||false|false\u00bb global_colors_info=\u00bb{}\u00bb]<\/p>\n<h1 style=\"text-align: center\"><strong><span style=\"color: #258ead\">1PM Colombia<\/span><\/strong><\/h1>\n<h1 style=\"text-align: center\"><span style=\"color: #258ead\">(6PM UK)<\/span><\/h1>\n<p>[\/et_pb_text][et_pb_text admin_label=\u00bbConsulta la hora del evento en tu Zona Horaria\u00bb _builder_version=\u00bb4.19.0&#8243; _module_preset=\u00bbdefault\u00bb custom_margin=\u00bb-30px||||false|false\u00bb custom_padding=\u00bb||||false|false\u00bb link_option_url_new_window=\u00bbon\u00bb global_colors_info=\u00bb{}\u00bb]<\/p>\n<p style=\"text-align: center\"><a href=\"https:\/\/www.timeanddate.com\/worldclock\/fixedtime.html?msg=ICC+Academy+Free+Webinar%3A+Emociones+-+aliado+imprescindible+del+Coaching&amp;iso=20250227T13&amp;p1=41&amp;am=45\" target=\"_blank\" rel=\"noopener\">Encuentra la hora del evento en tu Zona Horaria<\/a><a href=\"https:\/\/www.timeanddate.com\/worldclock\/fixedtime.html?msg=ICC+Academy+Free+Webinar%3A+Emociones+-+aliado+imprescindible+del+Coaching&amp;iso=20250227T13&amp;p1=41&amp;ah=1\" target=\"_blank\" rel=\"noopener\"> \u00bb<\/a><\/p>\n<p>[\/et_pb_text][\/et_pb_column][et_pb_column type=\u00bb1_3&#8243; _builder_version=\u00bb4.19.0&#8243; _module_preset=\u00bbdefault\u00bb global_colors_info=\u00bb{}\u00bb][et_pb_text admin_label=\u00bbDuraci\u00f3n\u00bb _builder_version=\u00bb4.19.0&#8243; _module_preset=\u00bbdefault\u00bb custom_padding=\u00bb0px|||||\u00bb global_colors_info=\u00bb{}\u00bb]<\/p>\n<h1 style=\"text-align: center\"><span style=\"color: #258ead\"><strong>Duraci\u00f3n:<\/strong><\/span><\/h1>\n<h2 style=\"text-align: center\"><span style=\"color: #258ead\">45 min + Q&amp;A<\/span><\/h2>\n<p>[\/et_pb_text][\/et_pb_column][\/et_pb_row][et_pb_row column_structure=\u00bb1_3,1_3,1_3&#8243; _builder_version=\u00bb4.19.0&#8243; _module_preset=\u00bbdefault\u00bb global_colors_info=\u00bb{}\u00bb][et_pb_column type=\u00bb1_3&#8243; _builder_version=\u00bb4.19.0&#8243; _module_preset=\u00bbdefault\u00bb global_colors_info=\u00bb{}\u00bb][\/et_pb_column][et_pb_column type=\u00bb1_3&#8243; _builder_version=\u00bb4.19.0&#8243; _module_preset=\u00bbdefault\u00bb global_colors_info=\u00bb{}\u00bb][et_pb_button button_url=\u00bbhttps:\/\/us02web.zoom.us\/meeting\/register\/mKqi7h1QTMG2a5DltpE0FQ\u00bb url_new_window=\u00bbon\u00bb button_text=\u00bbInscr\u00edbete ahora\u00bb button_alignment=\u00bbcenter\u00bb disabled_on=\u00bboff|off|off\u00bb admin_label=\u00bbInscr\u00edbete ahora\u00bb _builder_version=\u00bb4.19.0&#8243; _module_preset=\u00bbdefault\u00bb custom_button=\u00bbon\u00bb button_text_color=\u00bb#FFFFFF\u00bb button_bg_color=\u00bb#258EAD\u00bb button_border_color=\u00bb#258EAD\u00bb button_use_icon=\u00bboff\u00bb custom_padding=\u00bb||||false|false\u00bb hover_transition_delay=\u00bb250ms\u00bb locked=\u00bboff\u00bb global_colors_info=\u00bb{}\u00bb button_text_color__hover_enabled=\u00bbon|hover\u00bb button_text_color__hover=\u00bb#258EAD\u00bb button_bg_color__hover_enabled=\u00bbon|desktop\u00bb button_bg_color__hover=\u00bb\u00bb button_bg_enable_color__hover=\u00bboff\u00bb button_border_width__hover_enabled=\u00bbon|hover\u00bb][\/et_pb_button][et_pb_text admin_label=\u00bb\u00bfNo puedes asistir? Inscr\u00edbete y s\u00e9 de los primeros en recibir la grabaci\u00f3n.\u00bb _builder_version=\u00bb4.19.0&#8243; _module_preset=\u00bbdefault\u00bb custom_margin=\u00bb-17px||||false|false\u00bb custom_padding=\u00bb||||false|false\u00bb global_colors_info=\u00bb{}\u00bb]<\/p>\n<h5 style=\"text-align: center\"><span style=\"color: #5e5e5e\">\u00bfNo puedes asistir? Inscr\u00edbete y s\u00e9 de los primeros en recibir la grabaci\u00f3n.<\/span><\/h5>\n<p>[\/et_pb_text][\/et_pb_column][et_pb_column type=\u00bb1_3&#8243; _builder_version=\u00bb4.19.0&#8243; _module_preset=\u00bbdefault\u00bb global_colors_info=\u00bb{}\u00bb][\/et_pb_column][\/et_pb_row][\/et_pb_section][et_pb_section fb_built=\u00bb1&#8243; _builder_version=\u00bb4.19.0&#8243; _module_preset=\u00bbdefault\u00bb background_color=\u00bb#4d5b66&#8243; custom_padding=\u00bb0px||0px||false|false\u00bb hover_enabled=\u00bb0&#8243; global_colors_info=\u00bb{}\u00bb sticky_enabled=\u00bb0&#8243;][et_pb_row column_structure=\u00bb1_3,1_3,1_3&#8243; _builder_version=\u00bb4.19.0&#8243; _module_preset=\u00bbdefault\u00bb locked=\u00bboff\u00bb global_colors_info=\u00bb{}\u00bb][et_pb_column type=\u00bb1_3&#8243; _builder_version=\u00bb4.19.0&#8243; _module_preset=\u00bbdefault\u00bb global_colors_info=\u00bb{}\u00bb][et_pb_text admin_label=\u00bbEmociones sanas construyen bienestar.\u00bb _builder_version=\u00bb4.19.0&#8243; _module_preset=\u00bbdefault\u00bb global_colors_info=\u00bb{}\u00bb]<\/p>\n<h2 style=\"text-align: center\"><span style=\"color: #ffffff\">Emociones sanas construyen bienestar.<br \/><\/span><\/h2>\n<p>[\/et_pb_text][\/et_pb_column][et_pb_column type=\u00bb1_3&#8243; _builder_version=\u00bb4.19.0&#8243; _module_preset=\u00bbdefault\u00bb global_colors_info=\u00bb{}\u00bb][et_pb_text admin_label=\u00bbM\u00e1s que inteligencia emocional es sabidur\u00eda emocional.\u00bb _builder_version=\u00bb4.19.0&#8243; _module_preset=\u00bbdefault\u00bb global_colors_info=\u00bb{}\u00bb]<\/p>\n<h2 style=\"text-align: center\"><span style=\"color: #ffffff\">M\u00e1s que inteligencia emocional es sabidur\u00eda emocional.<br \/><\/span><\/h2>\n<p>[\/et_pb_text][\/et_pb_column][et_pb_column type=\u00bb1_3&#8243; _builder_version=\u00bb4.19.0&#8243; _module_preset=\u00bbdefault\u00bb global_colors_info=\u00bb{}\u00bb][et_pb_text admin_label=\u00bbLas emociones, un lenguaje universal.\u00bb _builder_version=\u00bb4.19.0&#8243; _module_preset=\u00bbdefault\u00bb global_colors_info=\u00bb{}\u00bb]<\/p>\n<h2 style=\"text-align: center\"><span style=\"color: #ffffff\">Las emociones, un lenguaje universal.<\/span><\/h2>\n<p>[\/et_pb_text][\/et_pb_column][\/et_pb_row][\/et_pb_section][et_pb_section fb_built=\u00bb1&#8243; disabled_on=\u00bboff|off|off\u00bb _builder_version=\u00bb4.19.0&#8243; _module_preset=\u00bbdefault\u00bb module_alignment=\u00bbcenter\u00bb custom_padding=\u00bb0px||0px||false|false\u00bb hover_enabled=\u00bb0&#8243; global_colors_info=\u00bb{}\u00bb sticky_enabled=\u00bb0&#8243; locked=\u00bboff\u00bb][et_pb_row padding_mobile=\u00bboff\u00bb column_padding_mobile=\u00bbon\u00bb _builder_version=\u00bb4.16&#8243; background_size=\u00bbinitial\u00bb background_position=\u00bbtop_left\u00bb background_repeat=\u00bbrepeat\u00bb make_fullwidth=\u00bboff\u00bb use_custom_width=\u00bboff\u00bb width_unit=\u00bboff\u00bb custom_width_px=\u00bb1080px\u00bb custom_width_percent=\u00bb80%\u00bb locked=\u00bboff\u00bb global_colors_info=\u00bb{}\u00bb][et_pb_column type=\u00bb4_4&#8243; _builder_version=\u00bb4.16&#8243; custom_padding=\u00bb|||\u00bb global_colors_info=\u00bb{}\u00bb custom_padding__hover=\u00bb|||\u00bb][et_pb_text admin_label=\u00bbImage + intro\u00bb _builder_version=\u00bb4.19.0&#8243; background_size=\u00bbinitial\u00bb background_position=\u00bbtop_left\u00bb background_repeat=\u00bbrepeat\u00bb custom_margin=\u00bb|||0px|false|false\u00bb custom_padding=\u00bb||||false|false\u00bb hover_enabled=\u00bb0&#8243; use_border_color=\u00bboff\u00bb global_colors_info=\u00bb{}\u00bb sticky_enabled=\u00bb0&#8243;]<\/p>\n<h4><span style=\"font-size: 22px;background-color: transparent\"><img loading=\"lazy\" decoding=\"async\" class=\"wp-image-76340 size-medium alignleft\" src=\"https:\/\/internationalcoachingcommunity.com\/wp-content\/uploads\/2025\/02\/CE-Emociones-27-feb-LANDING-465x306.png\" alt=\"\" width=\"465\" height=\"306\" \/><\/span><\/h4>\n<h4>\u00a0<\/h4>\n<h4><span style=\"color: #5e5e5e;font-size: 26px\">Este seminario web tiene como objetivo examinar la importancia de abordar las emociones de manera integral en el contexto del coaching, destacando c\u00f3mo una comprensi\u00f3n profunda de las emociones puede mejorar la efectividad y el impacto de los coaches en su ejercicio profesional.<\/span><\/h4>\n<p>[\/et_pb_text][\/et_pb_column][\/et_pb_row][\/et_pb_section][et_pb_section fb_built=\u00bb1&#8243; _builder_version=\u00bb4.19.0&#8243; _module_preset=\u00bbdefault\u00bb module_alignment=\u00bbcenter\u00bb custom_padding=\u00bb||10px||false|false\u00bb global_colors_info=\u00bb{}\u00bb disabled_on=\u00bbon|on|on\u00bb disabled=\u00bbon\u00bb][et_pb_row column_structure=\u00bb2_5,3_5&#8243; _builder_version=\u00bb4.19.0&#8243; _module_preset=\u00bbdefault\u00bb global_colors_info=\u00bb{}\u00bb][et_pb_column type=\u00bb2_5&#8243; _builder_version=\u00bb4.19.0&#8243; _module_preset=\u00bbdefault\u00bb global_colors_info=\u00bb{}\u00bb][et_pb_image title_text=\u00bbCE-Emociones 27 feb LANDING\u00bb align=\u00bbcenter\u00bb _builder_version=\u00bb4.19.0&#8243; _module_preset=\u00bbdefault\u00bb background_image=\u00bbhttps:\/\/internationalcoachingcommunity.com\/wp-content\/uploads\/2025\/02\/CE-Emociones-27-feb-LANDING.png\u00bb background_size=\u00bbcontain\u00bb module_alignment=\u00bbcenter\u00bb custom_margin=\u00bb||||false|false\u00bb custom_padding=\u00bb0px||194px||false|false\u00bb global_colors_info=\u00bb{}\u00bb][\/et_pb_image][\/et_pb_column][et_pb_column type=\u00bb3_5&#8243; _builder_version=\u00bb4.19.0&#8243; _module_preset=\u00bbdefault\u00bb global_colors_info=\u00bb{}\u00bb][et_pb_text content_tablet=\u00bb<\/p>\n<h2>Este seminario web tiene como objetivo examinar la importancia de abordar las emociones de manera integral en el contexto del coaching, destacando c\u00f3mo una comprensi\u00f3n profunda de las emociones puede mejorar la efectividad y el impacto de los coaches en su ejercicio profesional.<\/h2>\n<p>\u00bb content_phone=\u00bb\u00bb content_last_edited=\u00bbon|tablet\u00bb admin_label=\u00bbIntroducci\u00f3n\u00bb _builder_version=\u00bb4.19.0&#8243; _module_preset=\u00bbdefault\u00bb global_colors_info=\u00bb{}\u00bb]<\/p>\n<h2>Este seminario web tiene como objetivo examinar la importancia de abordar las emociones de manera integral en el contexto del coaching, destacando c\u00f3mo una comprensi\u00f3n profunda de las emociones puede mejorar la efectividad y el impacto de los coaches en su ejercicio profesional.<\/h2>\n<p>[\/et_pb_text][\/et_pb_column][\/et_pb_row][\/et_pb_section][et_pb_section fb_built=\u00bb1&#8243; _builder_version=\u00bb4.19.0&#8243; _module_preset=\u00bbdefault\u00bb background_enable_image=\u00bboff\u00bb module_alignment=\u00bbcenter\u00bb custom_padding=\u00bb0px||||false|false\u00bb locked=\u00bboff\u00bb global_colors_info=\u00bb{}\u00bb][et_pb_row column_structure=\u00bb1_2,1_2&#8243; _builder_version=\u00bb4.19.0&#8243; _module_preset=\u00bbdefault\u00bb collapsed=\u00bboff\u00bb global_colors_info=\u00bb{}\u00bb][et_pb_column type=\u00bb1_2&#8243; _builder_version=\u00bb4.19.0&#8243; _module_preset=\u00bbdefault\u00bb global_colors_info=\u00bb{}\u00bb][et_pb_text admin_label=\u00bbTemas del webinar\u00bb _builder_version=\u00bb4.19.0&#8243; _module_preset=\u00bbdefault\u00bb background_color=\u00bb#cae4eb\u00bb custom_padding=\u00bb25px|25px||25px|false|false\u00bb locked=\u00bboff\u00bb global_colors_info=\u00bb{}\u00bb]<\/p>\n<h3><strong><span style=\"color: #5e5e5e\">Temas del webinar<\/span><\/strong><\/h3>\n<ul>\n<li>\n<h4><span style=\"color: #5e5e5e\">Evoluci\u00f3n del concepto de las emociones<\/span><\/h4>\n<\/li>\n<li>\n<h4><span style=\"color: #5e5e5e\">El papel esencial de las emociones en la vida humana<\/span><\/h4>\n<\/li>\n<li>\n<h4><span style=\"color: #5e5e5e\">De la inteligencia emocional a la sabidur\u00eda emocional<\/span><\/h4>\n<\/li>\n<li>\n<h4><span style=\"color: #5e5e5e\">Pr\u00e1cticas \u00e9ticas en la gesti\u00f3n emocional dentro del coaching<\/span><\/h4>\n<\/li>\n<li>\n<h4><span style=\"color: #5e5e5e\">Reflexi\u00f3n y crecimiento personal del coach<\/span><\/h4>\n<\/li>\n<\/ul>\n<p>[\/et_pb_text][et_pb_text admin_label=\u00bbDirigido a\u00bb _builder_version=\u00bb4.19.0&#8243; _module_preset=\u00bbdefault\u00bb background_color=\u00bb#e5f1f5&#8243; custom_padding=\u00bb25px|25px||25px|false|false\u00bb locked=\u00bboff\u00bb global_colors_info=\u00bb{}\u00bb]<\/p>\n<h3><strong><span style=\"color: #5e5e5e\">Dirigido a<\/span><\/strong><\/h3>\n<ul>\n<li>\n<h4><span style=\"color: #5e5e5e\"><span data-sheets-root=\"1\">Coaches profesionales<\/span><\/span><\/h4>\n<\/li>\n<\/ul>\n<p>[\/et_pb_text][\/et_pb_column][et_pb_column type=\u00bb1_2&#8243; _builder_version=\u00bb4.19.0&#8243; _module_preset=\u00bbdefault\u00bb global_colors_info=\u00bb{}\u00bb][et_pb_text admin_label=\u00bbObjetivos\u00bb _builder_version=\u00bb4.19.0&#8243; _module_preset=\u00bbdefault\u00bb background_color=\u00bb#95c9d8&#8243; module_alignment=\u00bbcenter\u00bb custom_margin=\u00bb0px|||0px|false|false\u00bb custom_padding=\u00bb25px|25px||25px|false|false\u00bb locked=\u00bboff\u00bb global_colors_info=\u00bb{}\u00bb]<\/p>\n<h3><strong><span style=\"color: #5e5e5e\">Objetivos<\/span><\/strong><\/h3>\n<ul>\n<li>\n<h4><span style=\"color: #5e5e5e\"><span data-sheets-root=\"1\">Breve marco hist\u00f3rico de las emociones.<br \/><\/span><\/span><\/h4>\n<\/li>\n<li>\n<h4><span style=\"color: #5e5e5e\"><span data-sheets-root=\"1\">Reconocimiento de las emociones como parte esencial de nuestra experiencia humana.<br \/><\/span><\/span><\/h4>\n<\/li>\n<li>\n<h4><span style=\"color: #5e5e5e\"><span data-sheets-root=\"1\">Resaltar la capacidad para explorar y trabajar de manera consciente en el terreno emocional de los individuos, dentro del marco \u00e9tico y profesional del coaching.<br \/><\/span><\/span><\/h4>\n<\/li>\n<li>\n<h4><span style=\"color: #5e5e5e\"><span data-sheets-root=\"1\">Subrayar la actitud de autoevaluaci\u00f3n constante frente al ejercicio del coaching.<\/span><\/span><\/h4>\n<\/li>\n<\/ul>\n<p>[\/et_pb_text][et_pb_text admin_label=\u00bbIdioma y formato\u00bb _builder_version=\u00bb4.19.0&#8243; _module_preset=\u00bbdefault\u00bb background_color=\u00bb#b0d6e2&#8243; custom_padding=\u00bb25px|25px||25px|false|false\u00bb locked=\u00bboff\u00bb global_colors_info=\u00bb{}\u00bb]<\/p>\n<h3><strong><span style=\"color: #5e5e5e\">Idioma y formato<\/span><\/strong><\/h3>\n<ul>\n<li>\n<h4><span style=\"color: #5e5e5e\">Webinar 100% online en espa\u00f1ol.<\/span><\/h4>\n<\/li>\n<li>\n<h4><span style=\"color: #5e5e5e\">La sesi\u00f3n ser\u00e1 grabada y podr\u00e1s acceder a ella en cualquier momento.<\/span><\/h4>\n<\/li>\n<\/ul>\n<p>[\/et_pb_text][\/et_pb_column][\/et_pb_row][\/et_pb_section][et_pb_section fb_built=\u00bb1&#8243; fullwidth=\u00bbon\u00bb _builder_version=\u00bb4.19.0&#8243; _module_preset=\u00bbdefault\u00bb background_enable_color=\u00bboff\u00bb hover_enabled=\u00bb0&#8243; global_colors_info=\u00bb{}\u00bb sticky_enabled=\u00bb0&#8243;][et_pb_fullwidth_header title=\u00bb\u00bfQui\u00e9n es tu orador?\u00bb text_orientation=\u00bbcenter\u00bb admin_label=\u00bb\u00bfQui\u00e9n es tu orador?\u00bb _builder_version=\u00bb4.19.0&#8243; _module_preset=\u00bbdefault\u00bb background_color=\u00bb#7fafc0&#8243; module_alignment=\u00bbcenter\u00bb custom_padding=\u00bb22px||22px||false|false\u00bb global_colors_info=\u00bb{}\u00bb][\/et_pb_fullwidth_header][\/et_pb_section][et_pb_section fb_built=\u00bb1&#8243; _builder_version=\u00bb4.19.0&#8243; _module_preset=\u00bbdefault\u00bb custom_padding=\u00bb20px||||false|false\u00bb global_colors_info=\u00bb{}\u00bb][et_pb_row _builder_version=\u00bb4.19.0&#8243; _module_preset=\u00bbdefault\u00bb module_alignment=\u00bbcenter\u00bb custom_padding=\u00bb||0px||false|false\u00bb global_colors_info=\u00bb{}\u00bb][et_pb_column type=\u00bb4_4&#8243; _builder_version=\u00bb4.19.0&#8243; _module_preset=\u00bbdefault\u00bb custom_padding=\u00bb||||false|false\u00bb animation_style=\u00bbfade\u00bb global_colors_info=\u00bb{}\u00bb][et_pb_text admin_label=\u00bbCG bio + pic\u00bb _builder_version=\u00bb4.19.0&#8243; _module_preset=\u00bbdefault\u00bb global_colors_info=\u00bb{}\u00bb]<\/p>\n<p><img loading=\"lazy\" decoding=\"async\" class=\"alignnone wp-image-76297 size-full\" src=\"https:\/\/internationalcoachingcommunity.com\/wp-content\/uploads\/2025\/02\/cristian-galvis-2025.png\" alt=\"\" width=\"306\" height=\"299\" srcset=\"https:\/\/internationalcoachingcommunity.com\/wp-content\/uploads\/2025\/02\/cristian-galvis-2025.png 306w, https:\/\/internationalcoachingcommunity.com\/wp-content\/uploads\/2025\/02\/cristian-galvis-2025-45x45.png 45w\" sizes=\"auto, (max-width: 306px) 100vw, 306px\" \/><\/p>\n<p><strong>Cristian David Galvis Estrada<\/strong> es psic\u00f3logo, coach certificado ICC desde 2013, trabajando en las \u00e1reas ejecutiva, de vida y de carrera, y apasionado por la Sabidur\u00eda Emocional.<\/p>\n<p>Presta los servicios de Coaching y Consultor\u00eda y cuenta tambi\u00e9n con la capacidad para gestionar la administraci\u00f3n de procesos y proyectos estrat\u00e9gicos relacionados con el \u00e1rea de gesti\u00f3n humana.<\/p>\n<p>Para conocer m\u00e1s sobre Cristian Galvis, visita su <a href=\"https:\/\/www.instagram.com\/cristiangalviscoach\/\" target=\"_blank\" rel=\"noopener\">Instagram<\/a> o\u00a0<a href=\"https:\/\/www.linkedin.com\/in\/cristian-david-galvis-estrada-313a8022\/\" target=\"_blank\" rel=\"noopener\">Linkedin<\/a>.<\/p>\n<p>[\/et_pb_text][\/et_pb_column][\/et_pb_row][et_pb_row admin_label=\u00bbDivider\u00bb _builder_version=\u00bb4.19.0&#8243; _module_preset=\u00bbdefault\u00bb custom_padding=\u00bb||0px||false|false\u00bb locked=\u00bboff\u00bb collapsed=\u00bbon\u00bb global_colors_info=\u00bb{}\u00bb][et_pb_column type=\u00bb4_4&#8243; _builder_version=\u00bb4.19.0&#8243; _module_preset=\u00bbdefault\u00bb global_colors_info=\u00bb{}\u00bb][et_pb_divider _builder_version=\u00bb4.19.0&#8243; _module_preset=\u00bbdefault\u00bb global_colors_info=\u00bb{}\u00bb][\/et_pb_divider][\/et_pb_column][\/et_pb_row][et_pb_row _builder_version=\u00bb4.19.0&#8243; _module_preset=\u00bbdefault\u00bb custom_padding=\u00bb0px||0px||false|false\u00bb global_colors_info=\u00bb{}\u00bb][et_pb_column type=\u00bb4_4&#8243; _builder_version=\u00bb4.19.0&#8243; _module_preset=\u00bbdefault\u00bb global_colors_info=\u00bb{}\u00bb][et_pb_button button_url=\u00bbhttps:\/\/us02web.zoom.us\/meeting\/register\/mKqi7h1QTMG2a5DltpE0FQ\u00bb url_new_window=\u00bbon\u00bb button_text=\u00bbInscr\u00edbete ahora\u00bb button_alignment=\u00bbcenter\u00bb disabled_on=\u00bboff|off|off\u00bb admin_label=\u00bbInscr\u00edbete ahora\u00bb _builder_version=\u00bb4.19.0&#8243; _module_preset=\u00bbdefault\u00bb custom_button=\u00bbon\u00bb button_text_color=\u00bb#FFFFFF\u00bb button_bg_color=\u00bb#258EAD\u00bb button_border_color=\u00bb#258EAD\u00bb hover_transition_delay=\u00bb250ms\u00bb locked=\u00bboff\u00bb global_colors_info=\u00bb{}\u00bb button_text_color__hover_enabled=\u00bbon|hover\u00bb button_text_color__hover=\u00bb#258EAD\u00bb button_bg_color__hover_enabled=\u00bbon|hover\u00bb button_bg_color__hover=\u00bb\u00bb button_bg_enable_color__hover=\u00bboff\u00bb button_border_width__hover_enabled=\u00bbon|hover\u00bb][\/et_pb_button][\/et_pb_column][\/et_pb_row][\/et_pb_section]<\/p>\n","protected":false},"excerpt":{"rendered":"<p>WEBINAR GRATIS Emociones: aliado imprescindible del Coaching27 de febrero, 20251PM Colombia (6PM UK)Encuentra la hora del evento en tu Zona Horaria \u00bbDuraci\u00f3n: 45 min + Q&amp;A\u00bfNo puedes asistir? Inscr\u00edbete y s\u00e9 de los primeros en recibir la grabaci\u00f3n.Emociones sanas construyen bienestar.M\u00e1s que inteligencia emocional es sabidur\u00eda emocional.Las emociones, un lenguaje universal. \u00a0 Este seminario web [&hellip;]<\/p>\n","protected":false},"author":111,"featured_media":76288,"comment_status":"closed","ping_status":"closed","sticky":false,"template":"","format":"standard","meta":{"_acf_changed":false,"_et_pb_use_builder":"on","_et_pb_old_content":"","_et_gb_content_width":"","footnotes":""},"categories":[241],"tags":[],"class_list":["post-76281","post","type-post","status-publish","format-standard","has-post-thumbnail","hentry","category-eventos"],"acf":[],"yoast_head":"<!-- This site is optimized with the Yoast SEO plugin v26.8 - https:\/\/yoast.com\/product\/yoast-seo-wordpress\/ -->\n<title>WEBINAR GRATIS: Emociones - aliado imprescindible del Coaching - International Coaching Community<\/title>\n<meta name=\"robots\" content=\"index, follow, max-snippet:-1, max-image-preview:large, max-video-preview:-1\" \/>\n<link rel=\"canonical\" href=\"https:\/\/internationalcoachingcommunity.com\/es\/webinar-gratis-emociones-aliado-imprescindible-del-coaching\/\" \/>\n<meta property=\"og:locale\" content=\"es_ES\" \/>\n<meta property=\"og:type\" content=\"article\" \/>\n<meta property=\"og:title\" content=\"WEBINAR GRATIS: Emociones - aliado imprescindible del Coaching - International Coaching Community\" \/>\n<meta property=\"og:description\" content=\"WEBINAR GRATIS Emociones: aliado imprescindible del Coaching27 de febrero, 20251PM Colombia (6PM UK)Encuentra la hora del evento en tu Zona Horaria \u00bbDuraci\u00f3n: 45 min + Q&amp;A\u00bfNo puedes asistir? Inscr\u00edbete y s\u00e9 de los primeros en recibir la grabaci\u00f3n.Emociones sanas construyen bienestar.M\u00e1s que inteligencia emocional es sabidur\u00eda emocional.Las emociones, un lenguaje universal. \u00a0 Este seminario web [&hellip;]\" \/>\n<meta property=\"og:url\" content=\"https:\/\/internationalcoachingcommunity.com\/es\/webinar-gratis-emociones-aliado-imprescindible-del-coaching\/\" \/>\n<meta property=\"og:site_name\" content=\"International Coaching Community\" \/>\n<meta property=\"article:publisher\" content=\"https:\/\/www.facebook.com\/coachingcommunity\" \/>\n<meta property=\"article:published_time\" content=\"2025-02-11T10:59:08+00:00\" \/>\n<meta property=\"article:modified_time\" content=\"2025-02-27T20:35:48+00:00\" \/>\n<meta property=\"og:image\" content=\"https:\/\/internationalcoachingcommunity.com\/wp-content\/uploads\/2025\/02\/CE-Emociones-27-feb-NEWS.png\" \/>\n\t<meta property=\"og:image:width\" content=\"1200\" \/>\n\t<meta property=\"og:image:height\" content=\"1200\" \/>\n\t<meta property=\"og:image:type\" content=\"image\/png\" \/>\n<meta name=\"author\" content=\"Alex\" \/>\n<meta name=\"twitter:card\" content=\"summary_large_image\" \/>\n<meta name=\"twitter:creator\" content=\"@icccoaching\" \/>\n<meta name=\"twitter:site\" content=\"@icccoaching\" \/>\n<meta name=\"twitter:label1\" content=\"Escrito por\" \/>\n\t<meta name=\"twitter:data1\" content=\"Alex\" \/>\n\t<meta name=\"twitter:label2\" content=\"Tiempo de lectura\" \/>\n\t<meta name=\"twitter:data2\" content=\"10 minutos\" \/>\n<script type=\"application\/ld+json\" class=\"yoast-schema-graph\">{\"@context\":\"https:\/\/schema.org\",\"@graph\":[{\"@type\":\"Article\",\"@id\":\"https:\/\/internationalcoachingcommunity.com\/es\/webinar-gratis-emociones-aliado-imprescindible-del-coaching\/#article\",\"isPartOf\":{\"@id\":\"https:\/\/internationalcoachingcommunity.com\/es\/webinar-gratis-emociones-aliado-imprescindible-del-coaching\/\"},\"author\":{\"name\":\"Alex\",\"@id\":\"https:\/\/internationalcoachingcommunity.com\/#\/schema\/person\/fa019c40db8ed5249b248761569a33c0\"},\"headline\":\"WEBINAR GRATIS: Emociones &#8211; aliado imprescindible del Coaching\",\"datePublished\":\"2025-02-11T10:59:08+00:00\",\"dateModified\":\"2025-02-27T20:35:48+00:00\",\"mainEntityOfPage\":{\"@id\":\"https:\/\/internationalcoachingcommunity.com\/es\/webinar-gratis-emociones-aliado-imprescindible-del-coaching\/\"},\"wordCount\":1920,\"publisher\":{\"@id\":\"https:\/\/internationalcoachingcommunity.com\/#organization\"},\"image\":{\"@id\":\"https:\/\/internationalcoachingcommunity.com\/es\/webinar-gratis-emociones-aliado-imprescindible-del-coaching\/#primaryimage\"},\"thumbnailUrl\":\"https:\/\/internationalcoachingcommunity.com\/wp-content\/uploads\/2025\/02\/CE-Emociones-27-feb-NEWS.png\",\"articleSection\":[\"Eventos\"],\"inLanguage\":\"es\"},{\"@type\":\"WebPage\",\"@id\":\"https:\/\/internationalcoachingcommunity.com\/es\/webinar-gratis-emociones-aliado-imprescindible-del-coaching\/\",\"url\":\"https:\/\/internationalcoachingcommunity.com\/es\/webinar-gratis-emociones-aliado-imprescindible-del-coaching\/\",\"name\":\"WEBINAR GRATIS: Emociones - aliado imprescindible del Coaching - International Coaching Community\",\"isPartOf\":{\"@id\":\"https:\/\/internationalcoachingcommunity.com\/#website\"},\"primaryImageOfPage\":{\"@id\":\"https:\/\/internationalcoachingcommunity.com\/es\/webinar-gratis-emociones-aliado-imprescindible-del-coaching\/#primaryimage\"},\"image\":{\"@id\":\"https:\/\/internationalcoachingcommunity.com\/es\/webinar-gratis-emociones-aliado-imprescindible-del-coaching\/#primaryimage\"},\"thumbnailUrl\":\"https:\/\/internationalcoachingcommunity.com\/wp-content\/uploads\/2025\/02\/CE-Emociones-27-feb-NEWS.png\",\"datePublished\":\"2025-02-11T10:59:08+00:00\",\"dateModified\":\"2025-02-27T20:35:48+00:00\",\"breadcrumb\":{\"@id\":\"https:\/\/internationalcoachingcommunity.com\/es\/webinar-gratis-emociones-aliado-imprescindible-del-coaching\/#breadcrumb\"},\"inLanguage\":\"es\",\"potentialAction\":[{\"@type\":\"ReadAction\",\"target\":[\"https:\/\/internationalcoachingcommunity.com\/es\/webinar-gratis-emociones-aliado-imprescindible-del-coaching\/\"]}]},{\"@type\":\"ImageObject\",\"inLanguage\":\"es\",\"@id\":\"https:\/\/internationalcoachingcommunity.com\/es\/webinar-gratis-emociones-aliado-imprescindible-del-coaching\/#primaryimage\",\"url\":\"https:\/\/internationalcoachingcommunity.com\/wp-content\/uploads\/2025\/02\/CE-Emociones-27-feb-NEWS.png\",\"contentUrl\":\"https:\/\/internationalcoachingcommunity.com\/wp-content\/uploads\/2025\/02\/CE-Emociones-27-feb-NEWS.png\",\"width\":1200,\"height\":1200},{\"@type\":\"BreadcrumbList\",\"@id\":\"https:\/\/internationalcoachingcommunity.com\/es\/webinar-gratis-emociones-aliado-imprescindible-del-coaching\/#breadcrumb\",\"itemListElement\":[{\"@type\":\"ListItem\",\"position\":1,\"name\":\"Home\",\"item\":\"https:\/\/internationalcoachingcommunity.com\/es\/\"},{\"@type\":\"ListItem\",\"position\":2,\"name\":\"WEBINAR GRATIS: Emociones &#8211; aliado imprescindible del Coaching\"}]},{\"@type\":\"WebSite\",\"@id\":\"https:\/\/internationalcoachingcommunity.com\/#website\",\"url\":\"https:\/\/internationalcoachingcommunity.com\/\",\"name\":\"International Coaching Community\",\"description\":\"International Coaching Community - One of the biggest professional coaching networks\",\"publisher\":{\"@id\":\"https:\/\/internationalcoachingcommunity.com\/#organization\"},\"potentialAction\":[{\"@type\":\"SearchAction\",\"target\":{\"@type\":\"EntryPoint\",\"urlTemplate\":\"https:\/\/internationalcoachingcommunity.com\/?s={search_term_string}\"},\"query-input\":{\"@type\":\"PropertyValueSpecification\",\"valueRequired\":true,\"valueName\":\"search_term_string\"}}],\"inLanguage\":\"es\"},{\"@type\":\"Organization\",\"@id\":\"https:\/\/internationalcoachingcommunity.com\/#organization\",\"name\":\"International Coaching Community\",\"url\":\"https:\/\/internationalcoachingcommunity.com\/\",\"logo\":{\"@type\":\"ImageObject\",\"inLanguage\":\"es\",\"@id\":\"https:\/\/internationalcoachingcommunity.com\/#\/schema\/logo\/image\/\",\"url\":\"https:\/\/internationalcoachingcommunity.com\/wp-content\/uploads\/2015\/01\/ICC-LOGO-TRANSPARENT-e1487273904115-1.jpg\",\"contentUrl\":\"https:\/\/internationalcoachingcommunity.com\/wp-content\/uploads\/2015\/01\/ICC-LOGO-TRANSPARENT-e1487273904115-1.jpg\",\"width\":320,\"height\":208,\"caption\":\"International Coaching Community\"},\"image\":{\"@id\":\"https:\/\/internationalcoachingcommunity.com\/#\/schema\/logo\/image\/\"},\"sameAs\":[\"https:\/\/www.facebook.com\/coachingcommunity\",\"https:\/\/x.com\/icccoaching\",\"https:\/\/www.linkedin.com\/company-beta\/433586\/\",\"https:\/\/www.youtube.com\/user\/icccoaching\"]},{\"@type\":\"Person\",\"@id\":\"https:\/\/internationalcoachingcommunity.com\/#\/schema\/person\/fa019c40db8ed5249b248761569a33c0\",\"name\":\"Alex\",\"image\":{\"@type\":\"ImageObject\",\"inLanguage\":\"es\",\"@id\":\"https:\/\/internationalcoachingcommunity.com\/#\/schema\/person\/image\/\",\"url\":\"https:\/\/secure.gravatar.com\/avatar\/4a1554f59789c1669fb15d5af62b6d48bb5c4a3656dcc49cec04035b5294bc58?s=96&d=mm&r=g\",\"contentUrl\":\"https:\/\/secure.gravatar.com\/avatar\/4a1554f59789c1669fb15d5af62b6d48bb5c4a3656dcc49cec04035b5294bc58?s=96&d=mm&r=g\",\"caption\":\"Alex\"},\"url\":\"https:\/\/internationalcoachingcommunity.com\/es\/author\/iccadmin\/\"}]}<\/script>\n<!-- \/ Yoast SEO plugin. -->","yoast_head_json":{"title":"WEBINAR GRATIS: Emociones - aliado imprescindible del Coaching - International Coaching Community","robots":{"index":"index","follow":"follow","max-snippet":"max-snippet:-1","max-image-preview":"max-image-preview:large","max-video-preview":"max-video-preview:-1"},"canonical":"https:\/\/internationalcoachingcommunity.com\/es\/webinar-gratis-emociones-aliado-imprescindible-del-coaching\/","og_locale":"es_ES","og_type":"article","og_title":"WEBINAR GRATIS: Emociones - aliado imprescindible del Coaching - International Coaching Community","og_description":"WEBINAR GRATIS Emociones: aliado imprescindible del Coaching27 de febrero, 20251PM Colombia (6PM UK)Encuentra la hora del evento en tu Zona Horaria \u00bbDuraci\u00f3n: 45 min + Q&amp;A\u00bfNo puedes asistir? Inscr\u00edbete y s\u00e9 de los primeros en recibir la grabaci\u00f3n.Emociones sanas construyen bienestar.M\u00e1s que inteligencia emocional es sabidur\u00eda emocional.Las emociones, un lenguaje universal. \u00a0 Este seminario web [&hellip;]","og_url":"https:\/\/internationalcoachingcommunity.com\/es\/webinar-gratis-emociones-aliado-imprescindible-del-coaching\/","og_site_name":"International Coaching Community","article_publisher":"https:\/\/www.facebook.com\/coachingcommunity","article_published_time":"2025-02-11T10:59:08+00:00","article_modified_time":"2025-02-27T20:35:48+00:00","og_image":[{"width":1200,"height":1200,"url":"https:\/\/internationalcoachingcommunity.com\/wp-content\/uploads\/2025\/02\/CE-Emociones-27-feb-NEWS.png","type":"image\/png"}],"author":"Alex","twitter_card":"summary_large_image","twitter_creator":"@icccoaching","twitter_site":"@icccoaching","twitter_misc":{"Escrito por":"Alex","Tiempo de lectura":"10 minutos"},"schema":{"@context":"https:\/\/schema.org","@graph":[{"@type":"Article","@id":"https:\/\/internationalcoachingcommunity.com\/es\/webinar-gratis-emociones-aliado-imprescindible-del-coaching\/#article","isPartOf":{"@id":"https:\/\/internationalcoachingcommunity.com\/es\/webinar-gratis-emociones-aliado-imprescindible-del-coaching\/"},"author":{"name":"Alex","@id":"https:\/\/internationalcoachingcommunity.com\/#\/schema\/person\/fa019c40db8ed5249b248761569a33c0"},"headline":"WEBINAR GRATIS: Emociones &#8211; aliado imprescindible del Coaching","datePublished":"2025-02-11T10:59:08+00:00","dateModified":"2025-02-27T20:35:48+00:00","mainEntityOfPage":{"@id":"https:\/\/internationalcoachingcommunity.com\/es\/webinar-gratis-emociones-aliado-imprescindible-del-coaching\/"},"wordCount":1920,"publisher":{"@id":"https:\/\/internationalcoachingcommunity.com\/#organization"},"image":{"@id":"https:\/\/internationalcoachingcommunity.com\/es\/webinar-gratis-emociones-aliado-imprescindible-del-coaching\/#primaryimage"},"thumbnailUrl":"https:\/\/internationalcoachingcommunity.com\/wp-content\/uploads\/2025\/02\/CE-Emociones-27-feb-NEWS.png","articleSection":["Eventos"],"inLanguage":"es"},{"@type":"WebPage","@id":"https:\/\/internationalcoachingcommunity.com\/es\/webinar-gratis-emociones-aliado-imprescindible-del-coaching\/","url":"https:\/\/internationalcoachingcommunity.com\/es\/webinar-gratis-emociones-aliado-imprescindible-del-coaching\/","name":"WEBINAR GRATIS: Emociones - aliado imprescindible del Coaching - International Coaching Community","isPartOf":{"@id":"https:\/\/internationalcoachingcommunity.com\/#website"},"primaryImageOfPage":{"@id":"https:\/\/internationalcoachingcommunity.com\/es\/webinar-gratis-emociones-aliado-imprescindible-del-coaching\/#primaryimage"},"image":{"@id":"https:\/\/internationalcoachingcommunity.com\/es\/webinar-gratis-emociones-aliado-imprescindible-del-coaching\/#primaryimage"},"thumbnailUrl":"https:\/\/internationalcoachingcommunity.com\/wp-content\/uploads\/2025\/02\/CE-Emociones-27-feb-NEWS.png","datePublished":"2025-02-11T10:59:08+00:00","dateModified":"2025-02-27T20:35:48+00:00","breadcrumb":{"@id":"https:\/\/internationalcoachingcommunity.com\/es\/webinar-gratis-emociones-aliado-imprescindible-del-coaching\/#breadcrumb"},"inLanguage":"es","potentialAction":[{"@type":"ReadAction","target":["https:\/\/internationalcoachingcommunity.com\/es\/webinar-gratis-emociones-aliado-imprescindible-del-coaching\/"]}]},{"@type":"ImageObject","inLanguage":"es","@id":"https:\/\/internationalcoachingcommunity.com\/es\/webinar-gratis-emociones-aliado-imprescindible-del-coaching\/#primaryimage","url":"https:\/\/internationalcoachingcommunity.com\/wp-content\/uploads\/2025\/02\/CE-Emociones-27-feb-NEWS.png","contentUrl":"https:\/\/internationalcoachingcommunity.com\/wp-content\/uploads\/2025\/02\/CE-Emociones-27-feb-NEWS.png","width":1200,"height":1200},{"@type":"BreadcrumbList","@id":"https:\/\/internationalcoachingcommunity.com\/es\/webinar-gratis-emociones-aliado-imprescindible-del-coaching\/#breadcrumb","itemListElement":[{"@type":"ListItem","position":1,"name":"Home","item":"https:\/\/internationalcoachingcommunity.com\/es\/"},{"@type":"ListItem","position":2,"name":"WEBINAR GRATIS: Emociones &#8211; aliado imprescindible del Coaching"}]},{"@type":"WebSite","@id":"https:\/\/internationalcoachingcommunity.com\/#website","url":"https:\/\/internationalcoachingcommunity.com\/","name":"International Coaching Community","description":"International Coaching Community - One of the biggest professional coaching networks","publisher":{"@id":"https:\/\/internationalcoachingcommunity.com\/#organization"},"potentialAction":[{"@type":"SearchAction","target":{"@type":"EntryPoint","urlTemplate":"https:\/\/internationalcoachingcommunity.com\/?s={search_term_string}"},"query-input":{"@type":"PropertyValueSpecification","valueRequired":true,"valueName":"search_term_string"}}],"inLanguage":"es"},{"@type":"Organization","@id":"https:\/\/internationalcoachingcommunity.com\/#organization","name":"International Coaching Community","url":"https:\/\/internationalcoachingcommunity.com\/","logo":{"@type":"ImageObject","inLanguage":"es","@id":"https:\/\/internationalcoachingcommunity.com\/#\/schema\/logo\/image\/","url":"https:\/\/internationalcoachingcommunity.com\/wp-content\/uploads\/2015\/01\/ICC-LOGO-TRANSPARENT-e1487273904115-1.jpg","contentUrl":"https:\/\/internationalcoachingcommunity.com\/wp-content\/uploads\/2015\/01\/ICC-LOGO-TRANSPARENT-e1487273904115-1.jpg","width":320,"height":208,"caption":"International Coaching Community"},"image":{"@id":"https:\/\/internationalcoachingcommunity.com\/#\/schema\/logo\/image\/"},"sameAs":["https:\/\/www.facebook.com\/coachingcommunity","https:\/\/x.com\/icccoaching","https:\/\/www.linkedin.com\/company-beta\/433586\/","https:\/\/www.youtube.com\/user\/icccoaching"]},{"@type":"Person","@id":"https:\/\/internationalcoachingcommunity.com\/#\/schema\/person\/fa019c40db8ed5249b248761569a33c0","name":"Alex","image":{"@type":"ImageObject","inLanguage":"es","@id":"https:\/\/internationalcoachingcommunity.com\/#\/schema\/person\/image\/","url":"https:\/\/secure.gravatar.com\/avatar\/4a1554f59789c1669fb15d5af62b6d48bb5c4a3656dcc49cec04035b5294bc58?s=96&d=mm&r=g","contentUrl":"https:\/\/secure.gravatar.com\/avatar\/4a1554f59789c1669fb15d5af62b6d48bb5c4a3656dcc49cec04035b5294bc58?s=96&d=mm&r=g","caption":"Alex"},"url":"https:\/\/internationalcoachingcommunity.com\/es\/author\/iccadmin\/"}]}},"_links":{"self":[{"href":"https:\/\/internationalcoachingcommunity.com\/es\/wp-json\/wp\/v2\/posts\/76281","targetHints":{"allow":["GET"]}}],"collection":[{"href":"https:\/\/internationalcoachingcommunity.com\/es\/wp-json\/wp\/v2\/posts"}],"about":[{"href":"https:\/\/internationalcoachingcommunity.com\/es\/wp-json\/wp\/v2\/types\/post"}],"author":[{"embeddable":true,"href":"https:\/\/internationalcoachingcommunity.com\/es\/wp-json\/wp\/v2\/users\/111"}],"replies":[{"embeddable":true,"href":"https:\/\/internationalcoachingcommunity.com\/es\/wp-json\/wp\/v2\/comments?post=76281"}],"version-history":[{"count":18,"href":"https:\/\/internationalcoachingcommunity.com\/es\/wp-json\/wp\/v2\/posts\/76281\/revisions"}],"predecessor-version":[{"id":76866,"href":"https:\/\/internationalcoachingcommunity.com\/es\/wp-json\/wp\/v2\/posts\/76281\/revisions\/76866"}],"wp:featuredmedia":[{"embeddable":true,"href":"https:\/\/internationalcoachingcommunity.com\/es\/wp-json\/wp\/v2\/media\/76288"}],"wp:attachment":[{"href":"https:\/\/internationalcoachingcommunity.com\/es\/wp-json\/wp\/v2\/media?parent=76281"}],"wp:term":[{"taxonomy":"category","embeddable":true,"href":"https:\/\/internationalcoachingcommunity.com\/es\/wp-json\/wp\/v2\/categories?post=76281"},{"taxonomy":"post_tag","embeddable":true,"href":"https:\/\/internationalcoachingcommunity.com\/es\/wp-json\/wp\/v2\/tags?post=76281"}],"curies":[{"name":"wp","href":"https:\/\/api.w.org\/{rel}","templated":true}]}}