{"id":76561,"date":"2025-01-29T19:57:18","date_gmt":"2025-01-29T19:57:18","guid":{"rendered":"https:\/\/internationalcoachingcommunity.com\/?p=76561"},"modified":"2025-02-27T22:08:25","modified_gmt":"2025-02-27T22:08:25","slug":"webinar-gratis-el-puente-entre-tu-proposito-y-el-de-tu-empresa","status":"publish","type":"post","link":"https:\/\/internationalcoachingcommunity.com\/es\/webinar-gratis-el-puente-entre-tu-proposito-y-el-de-tu-empresa\/","title":{"rendered":"WEBINAR GRATIS: El puente entre tu prop\u00f3sito y el de tu empresa"},"content":{"rendered":"<p>[et_pb_section fb_built=\u00bb1&#8243; fullwidth=\u00bbon\u00bb _builder_version=\u00bb4.19.0&#8243; _module_preset=\u00bbdefault\u00bb background_image=\u00bbhttps:\/\/internationalcoachingcommunity.com\/wp-content\/uploads\/2025\/02\/JLR-El-puente-1-mayo-BANNER.png\u00bb height=\u00bb270px\u00bb custom_padding=\u00bb0px||||false|false\u00bb global_colors_info=\u00bb{}\u00bb][et_pb_fullwidth_header admin_label=\u00bbWEBINAR GRATIS El puente entre tu prop\u00f3sito y el de tu empresa\u00bb _builder_version=\u00bb4.19.0&#8243; _module_preset=\u00bbdefault\u00bb background_enable_color=\u00bboff\u00bb background_enable_image=\u00bboff\u00bb custom_margin=\u00bb||||false|false\u00bb custom_padding=\u00bb||||false|false\u00bb hover_enabled=\u00bb0&#8243; locked=\u00bboff\u00bb global_colors_info=\u00bb{}\u00bb sticky_enabled=\u00bb0&#8243;]<\/p>\n<h4 style=\"text-align: center\"><strong>WEBINAR GRATIS<\/strong><\/h4>\n<h1 style=\"text-align: center\"><strong>El puente entre tu prop\u00f3sito y el de tu empresa<\/strong><\/h1>\n<p>[\/et_pb_fullwidth_header][\/et_pb_section][et_pb_section fb_built=\u00bb1&#8243; _builder_version=\u00bb4.19.0&#8243; _module_preset=\u00bbdefault\u00bb background_enable_color=\u00bboff\u00bb custom_padding=\u00bb5px||5px||false|false\u00bb global_colors_info=\u00bb{}\u00bb][et_pb_row column_structure=\u00bb1_3,1_3,1_3&#8243; _builder_version=\u00bb4.19.0&#8243; _module_preset=\u00bbdefault\u00bb custom_padding=\u00bb||0px||false|false\u00bb global_colors_info=\u00bb{}\u00bb][et_pb_column type=\u00bb1_3&#8243; _builder_version=\u00bb4.19.0&#8243; _module_preset=\u00bbdefault\u00bb global_colors_info=\u00bb{}\u00bb][et_pb_text admin_label=\u00bbFecha\u00bb _builder_version=\u00bb4.19.0&#8243; _module_preset=\u00bbdefault\u00bb custom_padding=\u00bb0px|||||\u00bb global_colors_info=\u00bb{}\u00bb]<\/p>\n<h1 style=\"text-align: center\"><strong><span style=\"color: #258ead\">1 de mayo, 2025<\/span><\/strong><\/h1>\n<p>[\/et_pb_text][\/et_pb_column][et_pb_column type=\u00bb1_3&#8243; _builder_version=\u00bb4.19.0&#8243; _module_preset=\u00bbdefault\u00bb global_colors_info=\u00bb{}\u00bb][et_pb_text admin_label=\u00bbHorario\u00bb _builder_version=\u00bb4.19.0&#8243; _module_preset=\u00bbdefault\u00bb custom_padding=\u00bb||||false|false\u00bb global_colors_info=\u00bb{}\u00bb]<\/p>\n<h1 style=\"text-align: center\"><strong><span style=\"color: #258ead\">2PM Colombia<\/span><\/strong><\/h1>\n<h1 style=\"text-align: center\"><span style=\"color: #258ead\">(8PM UK)<\/span><\/h1>\n<p>[\/et_pb_text][et_pb_text admin_label=\u00bbConsulta la hora del evento en tu Zona Horaria\u00bb _builder_version=\u00bb4.19.0&#8243; _module_preset=\u00bbdefault\u00bb custom_margin=\u00bb-30px||||false|false\u00bb custom_padding=\u00bb||||false|false\u00bb link_option_url_new_window=\u00bbon\u00bb global_colors_info=\u00bb{}\u00bb]<\/p>\n<p style=\"text-align: center\"><a href=\"https:\/\/www.timeanddate.com\/worldclock\/fixedtime.html?msg=ICC+Academy+Free+Webinar%3A+El+puente+entre+tu+prop%C3%B3sito+y+el+de+tu+empresa&amp;iso=20250501T14&amp;p1=41&amp;ah=1&amp;am=15\" target=\"_blank\" rel=\"noopener\">Consulta la hora del evento en tu Zona Horaria \u00bb<\/a><\/p>\n<p>[\/et_pb_text][\/et_pb_column][et_pb_column type=\u00bb1_3&#8243; _builder_version=\u00bb4.19.0&#8243; _module_preset=\u00bbdefault\u00bb global_colors_info=\u00bb{}\u00bb][et_pb_text admin_label=\u00bbDuraci\u00f3n\u00bb _builder_version=\u00bb4.19.0&#8243; _module_preset=\u00bbdefault\u00bb custom_padding=\u00bb0px|||||\u00bb global_colors_info=\u00bb{}\u00bb]<\/p>\n<h1 style=\"text-align: center\"><span style=\"color: #258ead\"><strong>Duraci\u00f3n:<\/strong><\/span><\/h1>\n<h2 style=\"text-align: center\"><span style=\"color: #258ead\">1h + Q&amp;A<\/span><\/h2>\n<p>[\/et_pb_text][\/et_pb_column][\/et_pb_row][et_pb_row column_structure=\u00bb1_3,1_3,1_3&#8243; _builder_version=\u00bb4.19.0&#8243; _module_preset=\u00bbdefault\u00bb global_colors_info=\u00bb{}\u00bb][et_pb_column type=\u00bb1_3&#8243; _builder_version=\u00bb4.19.0&#8243; _module_preset=\u00bbdefault\u00bb global_colors_info=\u00bb{}\u00bb][\/et_pb_column][et_pb_column type=\u00bb1_3&#8243; _builder_version=\u00bb4.19.0&#8243; _module_preset=\u00bbdefault\u00bb global_colors_info=\u00bb{}\u00bb][et_pb_button button_url=\u00bbhttps:\/\/us02web.zoom.us\/meeting\/register\/fRvDlRF-SEWgCR2HTCmgHQ\u00bb url_new_window=\u00bbon\u00bb button_text=\u00bbInscr\u00edbete ahora\u00bb button_alignment=\u00bbcenter\u00bb disabled_on=\u00bboff|off|off\u00bb admin_label=\u00bbInscr\u00edbete ahora\u00bb _builder_version=\u00bb4.19.0&#8243; _module_preset=\u00bbdefault\u00bb custom_button=\u00bbon\u00bb button_text_color=\u00bb#FFFFFF\u00bb button_bg_color=\u00bb#258EAD\u00bb button_border_color=\u00bb#258EAD\u00bb button_use_icon=\u00bboff\u00bb custom_padding=\u00bb||||false|false\u00bb hover_transition_delay=\u00bb250ms\u00bb locked=\u00bboff\u00bb global_colors_info=\u00bb{}\u00bb button_text_color__hover_enabled=\u00bbon|hover\u00bb button_text_color__hover=\u00bb#258EAD\u00bb button_bg_color__hover_enabled=\u00bbon|desktop\u00bb button_bg_color__hover=\u00bb\u00bb button_bg_enable_color__hover=\u00bboff\u00bb button_border_width__hover_enabled=\u00bbon|hover\u00bb][\/et_pb_button][et_pb_text admin_label=\u00bb\u00bfNo puedes asistir? Inscr\u00edbete y s\u00e9 de los primeros en recibir la grabaci\u00f3n.\u00bb _builder_version=\u00bb4.19.0&#8243; _module_preset=\u00bbdefault\u00bb custom_margin=\u00bb-17px||||false|false\u00bb custom_padding=\u00bb||||false|false\u00bb global_colors_info=\u00bb{}\u00bb]<\/p>\n<h5 style=\"text-align: center\"><span style=\"color: #5e5e5e\">\u00bfNo puedes asistir? Inscr\u00edbete y s\u00e9 de los primeros en recibir la grabaci\u00f3n.<\/span><\/h5>\n<p>[\/et_pb_text][\/et_pb_column][et_pb_column type=\u00bb1_3&#8243; _builder_version=\u00bb4.19.0&#8243; _module_preset=\u00bbdefault\u00bb global_colors_info=\u00bb{}\u00bb][\/et_pb_column][\/et_pb_row][\/et_pb_section][et_pb_section fb_built=\u00bb1&#8243; _builder_version=\u00bb4.19.0&#8243; _module_preset=\u00bbdefault\u00bb background_color=\u00bb#d6d6d6&#8243; custom_padding=\u00bb0px||0px||false|false\u00bb hover_enabled=\u00bb0&#8243; global_colors_info=\u00bb{}\u00bb sticky_enabled=\u00bb0&#8243;][et_pb_row column_structure=\u00bb1_5,1_5,1_5,1_5,1_5&#8243; _builder_version=\u00bb4.19.0&#8243; _module_preset=\u00bbdefault\u00bb locked=\u00bboff\u00bb global_colors_info=\u00bb{}\u00bb][et_pb_column type=\u00bb1_5&#8243; _builder_version=\u00bb4.19.0&#8243; _module_preset=\u00bbdefault\u00bb global_colors_info=\u00bb{}\u00bb][et_pb_text admin_label=\u00bb\u00bfSientes que tu trabajo est\u00e1 alineado con lo que realmente te motiva?\u00bb _builder_version=\u00bb4.19.0&#8243; _module_preset=\u00bbdefault\u00bb global_colors_info=\u00bb{}\u00bb]<\/p>\n<h2 style=\"text-align: center\"><strong><span style=\"color: #258ead\">\u00bfSientes que tu trabajo est\u00e1 alineado con lo que realmente te motiva?<\/p>\n<p><\/span><\/strong><\/h2>\n<p>[\/et_pb_text][\/et_pb_column][et_pb_column type=\u00bb1_5&#8243; _builder_version=\u00bb4.19.0&#8243; _module_preset=\u00bbdefault\u00bb global_colors_info=\u00bb{}\u00bb][et_pb_text admin_label=\u00bb\u00bfQu\u00e9 diferencia a un l\u00edder com\u00fan de un l\u00edder con prop\u00f3sito?\u00bb _builder_version=\u00bb4.19.0&#8243; _module_preset=\u00bbdefault\u00bb global_colors_info=\u00bb{}\u00bb]<\/p>\n<h2 style=\"text-align: center\"><strong><span style=\"color: #258ead\">\u00bfQu\u00e9 diferencia a un l\u00edder com\u00fan de un l\u00edder con prop\u00f3sito?<\/span><\/strong><\/h2>\n<p>[\/et_pb_text][\/et_pb_column][et_pb_column type=\u00bb1_5&#8243; _builder_version=\u00bb4.19.0&#8243; _module_preset=\u00bbdefault\u00bb global_colors_info=\u00bb{}\u00bb][et_pb_text admin_label=\u00bb\u00bfEst\u00e1s listo para construir el puente entre lo que amas hacer y el impacto que puedes generar?\u00bb _builder_version=\u00bb4.19.0&#8243; _module_preset=\u00bbdefault\u00bb global_colors_info=\u00bb{}\u00bb]<\/p>\n<h2 style=\"text-align: center\"><strong><span style=\"color: #258ead\">\u00bfEst\u00e1s listo para construir el puente entre lo que amas hacer y el impacto que puedes generar?<\/span><\/strong><\/h2>\n<p>[\/et_pb_text][\/et_pb_column][et_pb_column type=\u00bb1_5&#8243; _builder_version=\u00bb4.19.0&#8243; _module_preset=\u00bbdefault\u00bb global_colors_info=\u00bb{}\u00bb][et_pb_text admin_label=\u00bb\u00bfTu empresa tiene una misi\u00f3n clara y alineada con lo que valoras?\u00bb _builder_version=\u00bb4.19.0&#8243; _module_preset=\u00bbdefault\u00bb global_colors_info=\u00bb{}\u00bb]<\/p>\n<h2 style=\"text-align: center\"><strong><span style=\"color: #258ead\">\u00bfTu empresa tiene una misi\u00f3n clara y alineada con lo que valoras?<\/span><\/strong><\/h2>\n<p>[\/et_pb_text][\/et_pb_column][et_pb_column type=\u00bb1_5&#8243; _builder_version=\u00bb4.19.0&#8243; _module_preset=\u00bbdefault\u00bb global_colors_info=\u00bb{}\u00bb][et_pb_text admin_label=\u00bbSi pudieras conectar tu prop\u00f3sito personal con tu empresa, \u00bfc\u00f3mo cambiar\u00eda tu d\u00eda a d\u00eda?\u00bb _builder_version=\u00bb4.19.0&#8243; _module_preset=\u00bbdefault\u00bb global_colors_info=\u00bb{}\u00bb]<\/p>\n<h2 style=\"text-align: center\"><strong><span style=\"color: #258ead\">Si pudieras conectar tu prop\u00f3sito personal con tu empresa, \u00bfc\u00f3mo cambiar\u00eda tu d\u00eda a d\u00eda?<\/span><\/strong><\/h2>\n<p>[\/et_pb_text][\/et_pb_column][\/et_pb_row][\/et_pb_section][et_pb_section fb_built=\u00bb1&#8243; disabled_on=\u00bboff|off|off\u00bb _builder_version=\u00bb4.19.0&#8243; _module_preset=\u00bbdefault\u00bb module_alignment=\u00bbcenter\u00bb custom_padding=\u00bb0px||0px||false|false\u00bb locked=\u00bboff\u00bb global_colors_info=\u00bb{}\u00bb][et_pb_row padding_mobile=\u00bboff\u00bb column_padding_mobile=\u00bbon\u00bb _builder_version=\u00bb4.16&#8243; background_size=\u00bbinitial\u00bb background_position=\u00bbtop_left\u00bb background_repeat=\u00bbrepeat\u00bb make_fullwidth=\u00bboff\u00bb use_custom_width=\u00bboff\u00bb width_unit=\u00bboff\u00bb custom_width_px=\u00bb1080px\u00bb custom_width_percent=\u00bb80%\u00bb locked=\u00bboff\u00bb global_colors_info=\u00bb{}\u00bb][et_pb_column type=\u00bb4_4&#8243; _builder_version=\u00bb4.16&#8243; custom_padding=\u00bb|||\u00bb global_colors_info=\u00bb{}\u00bb custom_padding__hover=\u00bb|||\u00bb][et_pb_text admin_label=\u00bbImage + intro\u00bb _builder_version=\u00bb4.19.0&#8243; background_size=\u00bbinitial\u00bb background_position=\u00bbtop_left\u00bb background_repeat=\u00bbrepeat\u00bb custom_margin=\u00bb|||0px|false|false\u00bb custom_padding=\u00bb||||false|false\u00bb hover_enabled=\u00bb0&#8243; use_border_color=\u00bboff\u00bb global_colors_info=\u00bb{}\u00bb sticky_enabled=\u00bb0&#8243;]<\/p>\n<h4><span style=\"font-size: 22px;background-color: transparent\"><img loading=\"lazy\" decoding=\"async\" class=\"alignnone wp-image-76729 size-medium\" src=\"https:\/\/internationalcoachingcommunity.com\/wp-content\/uploads\/2025\/02\/JLR-El-puente-1-mayo-LANDING-465x306.png\" alt=\"\" width=\"465\" height=\"306\" \/><\/span><\/h4>\n<h4>\u00a0<\/h4>\n<h4><span style=\"color: #5e5e5e\">En un mundo donde el \u00e9xito profesional y empresarial depende de la alineaci\u00f3n entre valores, visi\u00f3n y acci\u00f3n, este webinar te ayudar\u00e1 a descubrir c\u00f3mo conectar tu prop\u00f3sito personal con el de tu empresa.<\/span><\/h4>\n<h4><span style=\"color: #5e5e5e\">Exploraremos estrategias para fortalecer tu liderazgo, aumentar la motivaci\u00f3n y generar un impacto real en tu entorno laboral.<\/span><\/h4>\n<h4><span style=\"color: #5e5e5e\">Si eres l\u00edder, emprendedor o profesional y buscas mayor claridad, compromiso y sentido en tu trabajo, esta conferencia te dar\u00e1 herramientas pr\u00e1cticas para transformar tu enfoque y potenciar tu impacto.<\/span><\/h4>\n<p>[\/et_pb_text][\/et_pb_column][\/et_pb_row][\/et_pb_section][et_pb_section fb_built=\u00bb1&#8243; _builder_version=\u00bb4.19.0&#8243; _module_preset=\u00bbdefault\u00bb module_alignment=\u00bbcenter\u00bb custom_padding=\u00bb||10px||false|false\u00bb global_colors_info=\u00bb{}\u00bb disabled_on=\u00bbon|on|on\u00bb disabled=\u00bbon\u00bb][et_pb_row column_structure=\u00bb2_5,3_5&#8243; _builder_version=\u00bb4.19.0&#8243; _module_preset=\u00bbdefault\u00bb global_colors_info=\u00bb{}\u00bb][et_pb_column type=\u00bb2_5&#8243; _builder_version=\u00bb4.19.0&#8243; _module_preset=\u00bbdefault\u00bb global_colors_info=\u00bb{}\u00bb][et_pb_image title_text=\u00bbJLR &#8211; El puente 1 mayo LANDING\u00bb align=\u00bbcenter\u00bb _builder_version=\u00bb4.19.0&#8243; _module_preset=\u00bbdefault\u00bb background_image=\u00bbhttps:\/\/internationalcoachingcommunity.com\/wp-content\/uploads\/2025\/02\/JLR-El-puente-1-mayo-LANDING.png\u00bb background_size=\u00bbcontain\u00bb module_alignment=\u00bbcenter\u00bb custom_margin=\u00bb||||false|false\u00bb custom_padding=\u00bb0px||194px||false|false\u00bb global_colors_info=\u00bb{}\u00bb][\/et_pb_image][\/et_pb_column][et_pb_column type=\u00bb3_5&#8243; _builder_version=\u00bb4.19.0&#8243; _module_preset=\u00bbdefault\u00bb global_colors_info=\u00bb{}\u00bb][et_pb_text content_tablet=\u00bb\u00bb content_phone=\u00bb\u00bb content_last_edited=\u00bbon|tablet\u00bb admin_label=\u00bbIntroducci\u00f3n\u00bb _builder_version=\u00bb4.19.0&#8243; _module_preset=\u00bbdefault\u00bb hover_enabled=\u00bb0&#8243; global_colors_info=\u00bb{}\u00bb sticky_enabled=\u00bb0&#8243;]<\/p>\n<h4><span data-sheets-root=\"1\">En un mundo donde el \u00e9xito profesional y empresarial depende de la alineaci\u00f3n entre valores, visi\u00f3n y acci\u00f3n, este webinar te ayudar\u00e1 a descubrir c\u00f3mo conectar tu prop\u00f3sito personal con el de tu empresa.<\/span><\/h4>\n<h4><span data-sheets-root=\"1\">Exploraremos estrategias para fortalecer tu liderazgo, aumentar la motivaci\u00f3n y generar un impacto real en tu entorno laboral.<\/span><\/h4>\n<h4><span data-sheets-root=\"1\">Si eres l\u00edder, emprendedor o profesional y buscas mayor claridad, compromiso y sentido en tu trabajo, esta conferencia te dar\u00e1 herramientas pr\u00e1cticas para transformar tu enfoque y potenciar tu impacto.<\/span><\/h4>\n<p>[\/et_pb_text][\/et_pb_column][\/et_pb_row][\/et_pb_section][et_pb_section fb_built=\u00bb1&#8243; _builder_version=\u00bb4.19.0&#8243; _module_preset=\u00bbdefault\u00bb background_enable_image=\u00bboff\u00bb module_alignment=\u00bbcenter\u00bb custom_padding=\u00bb0px||||false|false\u00bb locked=\u00bboff\u00bb global_colors_info=\u00bb{}\u00bb][et_pb_row column_structure=\u00bb1_2,1_2&#8243; _builder_version=\u00bb4.19.0&#8243; _module_preset=\u00bbdefault\u00bb collapsed=\u00bboff\u00bb global_colors_info=\u00bb{}\u00bb][et_pb_column type=\u00bb1_2&#8243; _builder_version=\u00bb4.19.0&#8243; _module_preset=\u00bbdefault\u00bb global_colors_info=\u00bb{}\u00bb][et_pb_text admin_label=\u00bbObjetivos\u00bb _builder_version=\u00bb4.19.0&#8243; _module_preset=\u00bbdefault\u00bb background_color=\u00bb#95c9d8&#8243; module_alignment=\u00bbcenter\u00bb custom_margin=\u00bb0px|||0px|false|false\u00bb custom_padding=\u00bb25px|25px||25px|false|false\u00bb locked=\u00bboff\u00bb global_colors_info=\u00bb{}\u00bb]<\/p>\n<h3><span style=\"color: #5e5e5e\">Objetivos<\/span><\/h3>\n<ul>\n<li>\n<h4><span style=\"color: #5e5e5e\">Definir tu prop\u00f3sito personal y profesional \u2013 Identificar lo que realmente te impulsa y c\u00f3mo se relaciona con tu trabajo.<\/span><\/h4>\n<\/li>\n<li>\n<h4><span style=\"color: #5e5e5e\">Explorar el prop\u00f3sito de tu empresa \u2013 Entender la misi\u00f3n y visi\u00f3n de tu organizaci\u00f3n y su impacto en el mundo.<\/span><\/h4>\n<\/li>\n<li>\n<h4><span style=\"color: #5e5e5e\">Construir la conexi\u00f3n entre ambos prop\u00f3sitos \u2013 Encontrar puntos en com\u00fan para lograr mayor alineaci\u00f3n y satisfacci\u00f3n profesional.<\/span><\/h4>\n<\/li>\n<li>\n<h4><span style=\"color: #5e5e5e\">Fortalecer el liderazgo con prop\u00f3sito \u2013 Desarrollar estrategias para inspirar y motivar a otros desde una visi\u00f3n clara y alineada.<\/span><\/h4>\n<\/li>\n<li>\n<h4><span style=\"color: #5e5e5e\">Crear un plan de acci\u00f3n para la alineaci\u00f3n \u2013 Dise\u00f1ar pasos concretos para integrar tu prop\u00f3sito en la cultura y estrategia de la empresa.<\/span><\/h4>\n<\/li>\n<\/ul>\n<p>[\/et_pb_text][et_pb_text admin_label=\u00bbDirigido a\u00bb _builder_version=\u00bb4.19.0&#8243; _module_preset=\u00bbdefault\u00bb background_color=\u00bb#e5f1f5&#8243; custom_padding=\u00bb25px|25px||25px|false|false\u00bb locked=\u00bboff\u00bb global_colors_info=\u00bb{}\u00bb]<\/p>\n<h3><span style=\"color: #5e5e5e\">Dirigido a<\/span><\/h3>\n<ul>\n<li>\n<h4><span style=\"color: #5e5e5e\"><span data-sheets-root=\"1\">Emprendedores, profesionales, estudiantes y cualquier persona que quiera desarrollar su m\u00e1ximo potencial y superar bloqueos internos.<\/span><\/span><\/h4>\n<\/li>\n<li>\n<h4><span style=\"color: #5e5e5e\"><span data-sheets-root=\"1\">Es ideal para quienes buscan mayor claridad en sus objetivos, confianza en s\u00ed mismos y estrategias efectivas para el crecimiento personal y profesional.<\/span><\/span><\/h4>\n<\/li>\n<li>\n<h4><span style=\"color: #5e5e5e\"><span data-sheets-root=\"1\">Si sientes que tienes m\u00e1s capacidades de las que est\u00e1s aprovechando y quieres herramientas para desbloquearlas y entrenarlas, esta charla es para ti. <\/span><br \/><\/span><\/h4>\n<\/li>\n<\/ul>\n<p>[\/et_pb_text][\/et_pb_column][et_pb_column type=\u00bb1_2&#8243; _builder_version=\u00bb4.19.0&#8243; _module_preset=\u00bbdefault\u00bb global_colors_info=\u00bb{}\u00bb][et_pb_text admin_label=\u00bbTemas del webinar\u00bb _builder_version=\u00bb4.19.0&#8243; _module_preset=\u00bbdefault\u00bb background_color=\u00bb#cae4eb\u00bb custom_padding=\u00bb25px|25px||25px|false|false\u00bb locked=\u00bboff\u00bb global_colors_info=\u00bb{}\u00bb]<\/p>\n<h3><span style=\"color: #5e5e5e\">Temas del webinar<\/span><\/h3>\n<ul>\n<li>\n<h4><span style=\"color: #5e5e5e\"><span data-sheets-root=\"1\">\u00bfQu\u00e9 es el prop\u00f3sito y por qu\u00e9 es clave para el \u00e9xito.<\/span><\/span><\/h4>\n<\/li>\n<li>\n<h4><span style=\"color: #5e5e5e\"><span data-sheets-root=\"1\">Descubriendo tu prop\u00f3sito: m\u00e1s all\u00e1 del \u00abqu\u00e9\u00bb y el \u00abc\u00f3mo\u00bb.<\/span><\/span><\/h4>\n<\/li>\n<li>\n<h4><span style=\"color: #5e5e5e\"><span data-sheets-root=\"1\">Prop\u00f3sito empresarial: misi\u00f3n, valores y visi\u00f3n en acci\u00f3n.<\/span><\/span><\/h4>\n<\/li>\n<li>\n<h4><span style=\"color: #5e5e5e\"><span data-sheets-root=\"1\">C\u00f3mo conectar tu prop\u00f3sito con el de la empresa para mayor satisfacci\u00f3n y productividad.<\/span><\/span><\/h4>\n<\/li>\n<li>\n<h4><span style=\"color: #5e5e5e\"><span data-sheets-root=\"1\">Liderazgo con prop\u00f3sito: inspiraci\u00f3n y motivaci\u00f3n desde la autenticidad.<\/span><\/span><\/h4>\n<\/li>\n<li>\n<h4><span style=\"color: #5e5e5e\"><span data-sheets-root=\"1\">Estrategias pr\u00e1cticas para alinear valores, objetivos y cultura empresarial.<\/span><\/span><\/h4>\n<\/li>\n<li>\n<h4><span style=\"color: #5e5e5e\"><span data-sheets-root=\"1\">Plan de acci\u00f3n: c\u00f3mo aplicar lo aprendido en tu d\u00eda a d\u00eda profesional.<\/span><\/span><\/h4>\n<\/li>\n<\/ul>\n<p>[\/et_pb_text][et_pb_text admin_label=\u00bbIdioma y formato\u00bb _builder_version=\u00bb4.19.0&#8243; _module_preset=\u00bbdefault\u00bb background_color=\u00bb#b0d6e2&#8243; custom_padding=\u00bb25px|25px||25px|false|false\u00bb locked=\u00bboff\u00bb global_colors_info=\u00bb{}\u00bb]<\/p>\n<h3><span style=\"color: #5e5e5e\">Idioma y formato<\/span><\/h3>\n<ul>\n<li>\n<h4><span style=\"color: #5e5e5e\">Webinar 100% online en espa\u00f1ol.<\/span><\/h4>\n<\/li>\n<li>\n<h4><span style=\"color: #5e5e5e\">La sesi\u00f3n ser\u00e1 grabada y podr\u00e1s acceder a ella en cualquier momento.<\/span><\/h4>\n<\/li>\n<\/ul>\n<p>[\/et_pb_text][\/et_pb_column][\/et_pb_row][\/et_pb_section][et_pb_section fb_built=\u00bb1&#8243; fullwidth=\u00bbon\u00bb _builder_version=\u00bb4.19.0&#8243; _module_preset=\u00bbdefault\u00bb background_enable_color=\u00bboff\u00bb global_colors_info=\u00bb{}\u00bb][et_pb_fullwidth_header title=\u00bb\u00bfQui\u00e9n es tu orador?\u00bb text_orientation=\u00bbcenter\u00bb admin_label=\u00bb\u00bfQui\u00e9n es tu orador?\u00bb _builder_version=\u00bb4.19.0&#8243; _module_preset=\u00bbdefault\u00bb background_color=\u00bb#7fafc0&#8243; module_alignment=\u00bbcenter\u00bb custom_padding=\u00bb22px||22px||false|false\u00bb global_colors_info=\u00bb{}\u00bb][\/et_pb_fullwidth_header][\/et_pb_section][et_pb_section fb_built=\u00bb1&#8243; _builder_version=\u00bb4.19.0&#8243; _module_preset=\u00bbdefault\u00bb custom_padding=\u00bb20px||||false|false\u00bb global_colors_info=\u00bb{}\u00bb][et_pb_row _builder_version=\u00bb4.19.0&#8243; _module_preset=\u00bbdefault\u00bb module_alignment=\u00bbcenter\u00bb custom_padding=\u00bb||0px||false|false\u00bb global_colors_info=\u00bb{}\u00bb][et_pb_column type=\u00bb4_4&#8243; _builder_version=\u00bb4.19.0&#8243; _module_preset=\u00bbdefault\u00bb custom_padding=\u00bb||||false|false\u00bb animation_style=\u00bbfade\u00bb global_colors_info=\u00bb{}\u00bb][et_pb_text admin_label=\u00bbJLR bio + pic\u00bb _builder_version=\u00bb4.19.0&#8243; _module_preset=\u00bbdefault\u00bb global_colors_info=\u00bb{}\u00bb]<\/p>\n<p><img loading=\"lazy\" decoding=\"async\" class=\"alignnone wp-image-76725 size-full\" src=\"https:\/\/internationalcoachingcommunity.com\/wp-content\/uploads\/2025\/02\/jose-luis-ramirez-2025.png\" alt=\"\" width=\"306\" height=\"299\" srcset=\"https:\/\/internationalcoachingcommunity.com\/wp-content\/uploads\/2025\/02\/jose-luis-ramirez-2025.png 306w, https:\/\/internationalcoachingcommunity.com\/wp-content\/uploads\/2025\/02\/jose-luis-ramirez-2025-45x45.png 45w\" sizes=\"auto, (max-width: 306px) 100vw, 306px\" \/><\/p>\n<p>Cocreador de Futuros. Speaker Coach y Consultor.<\/p>\n<p><span data-sheets-root=\"1\"><strong>Jos\u00e9 Luis Ram\u00edrez<\/strong> es coach certificado ICC desde 2016, futurista experto en PNL, Coaching y Speaker con mas de 20 a\u00f1os ayudando a cocrear futuros exitosos, transformando vidas, equipos y empresas. Apasionado por cocrear futuros personales y empresariales.<\/span><\/p>\n<p>Para conocer m\u00e1s sobre Jos\u00e9 Luis, visita su <a href=\"https:\/\/www.instagram.com\/soyjoseluisramirez\/\" target=\"_blank\" rel=\"noopener\">Instagram<\/a>\u00a0o\u00a0<a href=\"https:\/\/www.linkedin.com\/in\/soyjoseluisramirez\/\" target=\"_blank\" rel=\"noopener\">Linkedin<\/a>.<\/p>\n<p>[\/et_pb_text][\/et_pb_column][\/et_pb_row][et_pb_row admin_label=\u00bbDivider\u00bb _builder_version=\u00bb4.19.0&#8243; _module_preset=\u00bbdefault\u00bb custom_padding=\u00bb||0px||false|false\u00bb locked=\u00bboff\u00bb collapsed=\u00bbon\u00bb global_colors_info=\u00bb{}\u00bb][et_pb_column type=\u00bb4_4&#8243; _builder_version=\u00bb4.19.0&#8243; _module_preset=\u00bbdefault\u00bb global_colors_info=\u00bb{}\u00bb][et_pb_divider _builder_version=\u00bb4.19.0&#8243; _module_preset=\u00bbdefault\u00bb global_colors_info=\u00bb{}\u00bb][\/et_pb_divider][\/et_pb_column][\/et_pb_row][et_pb_row _builder_version=\u00bb4.19.0&#8243; _module_preset=\u00bbdefault\u00bb custom_padding=\u00bb0px||0px||false|false\u00bb global_colors_info=\u00bb{}\u00bb][et_pb_column type=\u00bb4_4&#8243; _builder_version=\u00bb4.19.0&#8243; _module_preset=\u00bbdefault\u00bb global_colors_info=\u00bb{}\u00bb][et_pb_button button_url=\u00bbhttps:\/\/us02web.zoom.us\/meeting\/register\/fRvDlRF-SEWgCR2HTCmgHQ\u00bb url_new_window=\u00bbon\u00bb button_text=\u00bbInscr\u00edbete ahora\u00bb button_alignment=\u00bbcenter\u00bb disabled_on=\u00bboff|off|off\u00bb admin_label=\u00bbInscr\u00edbete ahora\u00bb _builder_version=\u00bb4.19.0&#8243; _module_preset=\u00bbdefault\u00bb custom_button=\u00bbon\u00bb button_text_color=\u00bb#FFFFFF\u00bb button_bg_color=\u00bb#258EAD\u00bb button_border_color=\u00bb#258EAD\u00bb hover_transition_delay=\u00bb250ms\u00bb locked=\u00bboff\u00bb global_colors_info=\u00bb{}\u00bb button_text_color__hover_enabled=\u00bbon|hover\u00bb button_text_color__hover=\u00bb#258EAD\u00bb button_bg_color__hover_enabled=\u00bbon|hover\u00bb button_bg_color__hover=\u00bb\u00bb button_bg_enable_color__hover=\u00bboff\u00bb button_border_width__hover_enabled=\u00bbon|hover\u00bb][\/et_pb_button][\/et_pb_column][\/et_pb_row][\/et_pb_section]<\/p>\n","protected":false},"excerpt":{"rendered":"<p>WEBINAR GRATIS El puente entre tu prop\u00f3sito y el de tu empresa1 de mayo, 20252PM Colombia (8PM UK)Consulta la hora del evento en tu Zona Horaria \u00bbDuraci\u00f3n: 1h + Q&amp;A\u00bfNo puedes asistir? Inscr\u00edbete y s\u00e9 de los primeros en recibir la grabaci\u00f3n.\u00bfSientes que tu trabajo est\u00e1 alineado con lo que realmente te motiva? \u00bfQu\u00e9 diferencia [&hellip;]<\/p>\n","protected":false},"author":111,"featured_media":76733,"comment_status":"closed","ping_status":"closed","sticky":false,"template":"","format":"standard","meta":{"_acf_changed":false,"_et_pb_use_builder":"on","_et_pb_old_content":"","_et_gb_content_width":"","footnotes":""},"categories":[241],"tags":[],"class_list":["post-76561","post","type-post","status-publish","format-standard","has-post-thumbnail","hentry","category-eventos"],"acf":[],"yoast_head":"<!-- This site is optimized with the Yoast SEO plugin v26.8 - https:\/\/yoast.com\/product\/yoast-seo-wordpress\/ -->\n<title>WEBINAR GRATIS: El puente entre tu prop\u00f3sito y el de tu empresa - International Coaching Community<\/title>\n<meta name=\"robots\" content=\"index, follow, max-snippet:-1, max-image-preview:large, max-video-preview:-1\" \/>\n<link rel=\"canonical\" href=\"https:\/\/internationalcoachingcommunity.com\/es\/webinar-gratis-el-puente-entre-tu-proposito-y-el-de-tu-empresa\/\" \/>\n<meta property=\"og:locale\" content=\"es_ES\" \/>\n<meta property=\"og:type\" content=\"article\" \/>\n<meta property=\"og:title\" content=\"WEBINAR GRATIS: El puente entre tu prop\u00f3sito y el de tu empresa - International Coaching Community\" \/>\n<meta property=\"og:description\" content=\"WEBINAR GRATIS El puente entre tu prop\u00f3sito y el de tu empresa1 de mayo, 20252PM Colombia (8PM UK)Consulta la hora del evento en tu Zona Horaria \u00bbDuraci\u00f3n: 1h + Q&amp;A\u00bfNo puedes asistir? Inscr\u00edbete y s\u00e9 de los primeros en recibir la grabaci\u00f3n.\u00bfSientes que tu trabajo est\u00e1 alineado con lo que realmente te motiva? \u00bfQu\u00e9 diferencia [&hellip;]\" \/>\n<meta property=\"og:url\" content=\"https:\/\/internationalcoachingcommunity.com\/es\/webinar-gratis-el-puente-entre-tu-proposito-y-el-de-tu-empresa\/\" \/>\n<meta property=\"og:site_name\" content=\"International Coaching Community\" \/>\n<meta property=\"article:publisher\" content=\"https:\/\/www.facebook.com\/coachingcommunity\" \/>\n<meta property=\"article:published_time\" content=\"2025-01-29T19:57:18+00:00\" \/>\n<meta property=\"article:modified_time\" content=\"2025-02-27T22:08:25+00:00\" \/>\n<meta property=\"og:image\" content=\"https:\/\/internationalcoachingcommunity.com\/wp-content\/uploads\/2025\/02\/JLR-El-puente-1-mayo-NEWS.png\" \/>\n\t<meta property=\"og:image:width\" content=\"1200\" \/>\n\t<meta property=\"og:image:height\" content=\"1200\" \/>\n\t<meta property=\"og:image:type\" content=\"image\/png\" \/>\n<meta name=\"author\" content=\"Alex\" \/>\n<meta name=\"twitter:card\" content=\"summary_large_image\" \/>\n<meta name=\"twitter:creator\" content=\"@icccoaching\" \/>\n<meta name=\"twitter:site\" content=\"@icccoaching\" \/>\n<meta name=\"twitter:label1\" content=\"Escrito por\" \/>\n\t<meta name=\"twitter:data1\" content=\"Alex\" \/>\n\t<meta name=\"twitter:label2\" content=\"Tiempo de lectura\" \/>\n\t<meta name=\"twitter:data2\" content=\"11 minutos\" \/>\n<script type=\"application\/ld+json\" class=\"yoast-schema-graph\">{\"@context\":\"https:\/\/schema.org\",\"@graph\":[{\"@type\":\"Article\",\"@id\":\"https:\/\/internationalcoachingcommunity.com\/es\/webinar-gratis-el-puente-entre-tu-proposito-y-el-de-tu-empresa\/#article\",\"isPartOf\":{\"@id\":\"https:\/\/internationalcoachingcommunity.com\/es\/webinar-gratis-el-puente-entre-tu-proposito-y-el-de-tu-empresa\/\"},\"author\":{\"name\":\"Alex\",\"@id\":\"https:\/\/internationalcoachingcommunity.com\/#\/schema\/person\/fa019c40db8ed5249b248761569a33c0\"},\"headline\":\"WEBINAR GRATIS: El puente entre tu prop\u00f3sito y el de tu empresa\",\"datePublished\":\"2025-01-29T19:57:18+00:00\",\"dateModified\":\"2025-02-27T22:08:25+00:00\",\"mainEntityOfPage\":{\"@id\":\"https:\/\/internationalcoachingcommunity.com\/es\/webinar-gratis-el-puente-entre-tu-proposito-y-el-de-tu-empresa\/\"},\"wordCount\":2312,\"publisher\":{\"@id\":\"https:\/\/internationalcoachingcommunity.com\/#organization\"},\"image\":{\"@id\":\"https:\/\/internationalcoachingcommunity.com\/es\/webinar-gratis-el-puente-entre-tu-proposito-y-el-de-tu-empresa\/#primaryimage\"},\"thumbnailUrl\":\"https:\/\/internationalcoachingcommunity.com\/wp-content\/uploads\/2025\/02\/JLR-El-puente-1-mayo-NEWS.png\",\"articleSection\":[\"Eventos\"],\"inLanguage\":\"es\"},{\"@type\":\"WebPage\",\"@id\":\"https:\/\/internationalcoachingcommunity.com\/es\/webinar-gratis-el-puente-entre-tu-proposito-y-el-de-tu-empresa\/\",\"url\":\"https:\/\/internationalcoachingcommunity.com\/es\/webinar-gratis-el-puente-entre-tu-proposito-y-el-de-tu-empresa\/\",\"name\":\"WEBINAR GRATIS: El puente entre tu prop\u00f3sito y el de tu empresa - International Coaching Community\",\"isPartOf\":{\"@id\":\"https:\/\/internationalcoachingcommunity.com\/#website\"},\"primaryImageOfPage\":{\"@id\":\"https:\/\/internationalcoachingcommunity.com\/es\/webinar-gratis-el-puente-entre-tu-proposito-y-el-de-tu-empresa\/#primaryimage\"},\"image\":{\"@id\":\"https:\/\/internationalcoachingcommunity.com\/es\/webinar-gratis-el-puente-entre-tu-proposito-y-el-de-tu-empresa\/#primaryimage\"},\"thumbnailUrl\":\"https:\/\/internationalcoachingcommunity.com\/wp-content\/uploads\/2025\/02\/JLR-El-puente-1-mayo-NEWS.png\",\"datePublished\":\"2025-01-29T19:57:18+00:00\",\"dateModified\":\"2025-02-27T22:08:25+00:00\",\"breadcrumb\":{\"@id\":\"https:\/\/internationalcoachingcommunity.com\/es\/webinar-gratis-el-puente-entre-tu-proposito-y-el-de-tu-empresa\/#breadcrumb\"},\"inLanguage\":\"es\",\"potentialAction\":[{\"@type\":\"ReadAction\",\"target\":[\"https:\/\/internationalcoachingcommunity.com\/es\/webinar-gratis-el-puente-entre-tu-proposito-y-el-de-tu-empresa\/\"]}]},{\"@type\":\"ImageObject\",\"inLanguage\":\"es\",\"@id\":\"https:\/\/internationalcoachingcommunity.com\/es\/webinar-gratis-el-puente-entre-tu-proposito-y-el-de-tu-empresa\/#primaryimage\",\"url\":\"https:\/\/internationalcoachingcommunity.com\/wp-content\/uploads\/2025\/02\/JLR-El-puente-1-mayo-NEWS.png\",\"contentUrl\":\"https:\/\/internationalcoachingcommunity.com\/wp-content\/uploads\/2025\/02\/JLR-El-puente-1-mayo-NEWS.png\",\"width\":1200,\"height\":1200},{\"@type\":\"BreadcrumbList\",\"@id\":\"https:\/\/internationalcoachingcommunity.com\/es\/webinar-gratis-el-puente-entre-tu-proposito-y-el-de-tu-empresa\/#breadcrumb\",\"itemListElement\":[{\"@type\":\"ListItem\",\"position\":1,\"name\":\"Home\",\"item\":\"https:\/\/internationalcoachingcommunity.com\/es\/\"},{\"@type\":\"ListItem\",\"position\":2,\"name\":\"WEBINAR GRATIS: El puente entre tu prop\u00f3sito y el de tu empresa\"}]},{\"@type\":\"WebSite\",\"@id\":\"https:\/\/internationalcoachingcommunity.com\/#website\",\"url\":\"https:\/\/internationalcoachingcommunity.com\/\",\"name\":\"International Coaching Community\",\"description\":\"International Coaching Community - One of the biggest professional coaching networks\",\"publisher\":{\"@id\":\"https:\/\/internationalcoachingcommunity.com\/#organization\"},\"potentialAction\":[{\"@type\":\"SearchAction\",\"target\":{\"@type\":\"EntryPoint\",\"urlTemplate\":\"https:\/\/internationalcoachingcommunity.com\/?s={search_term_string}\"},\"query-input\":{\"@type\":\"PropertyValueSpecification\",\"valueRequired\":true,\"valueName\":\"search_term_string\"}}],\"inLanguage\":\"es\"},{\"@type\":\"Organization\",\"@id\":\"https:\/\/internationalcoachingcommunity.com\/#organization\",\"name\":\"International Coaching Community\",\"url\":\"https:\/\/internationalcoachingcommunity.com\/\",\"logo\":{\"@type\":\"ImageObject\",\"inLanguage\":\"es\",\"@id\":\"https:\/\/internationalcoachingcommunity.com\/#\/schema\/logo\/image\/\",\"url\":\"https:\/\/internationalcoachingcommunity.com\/wp-content\/uploads\/2015\/01\/ICC-LOGO-TRANSPARENT-e1487273904115-1.jpg\",\"contentUrl\":\"https:\/\/internationalcoachingcommunity.com\/wp-content\/uploads\/2015\/01\/ICC-LOGO-TRANSPARENT-e1487273904115-1.jpg\",\"width\":320,\"height\":208,\"caption\":\"International Coaching Community\"},\"image\":{\"@id\":\"https:\/\/internationalcoachingcommunity.com\/#\/schema\/logo\/image\/\"},\"sameAs\":[\"https:\/\/www.facebook.com\/coachingcommunity\",\"https:\/\/x.com\/icccoaching\",\"https:\/\/www.linkedin.com\/company-beta\/433586\/\",\"https:\/\/www.youtube.com\/user\/icccoaching\"]},{\"@type\":\"Person\",\"@id\":\"https:\/\/internationalcoachingcommunity.com\/#\/schema\/person\/fa019c40db8ed5249b248761569a33c0\",\"name\":\"Alex\",\"image\":{\"@type\":\"ImageObject\",\"inLanguage\":\"es\",\"@id\":\"https:\/\/internationalcoachingcommunity.com\/#\/schema\/person\/image\/\",\"url\":\"https:\/\/secure.gravatar.com\/avatar\/4a1554f59789c1669fb15d5af62b6d48bb5c4a3656dcc49cec04035b5294bc58?s=96&d=mm&r=g\",\"contentUrl\":\"https:\/\/secure.gravatar.com\/avatar\/4a1554f59789c1669fb15d5af62b6d48bb5c4a3656dcc49cec04035b5294bc58?s=96&d=mm&r=g\",\"caption\":\"Alex\"},\"url\":\"https:\/\/internationalcoachingcommunity.com\/es\/author\/iccadmin\/\"}]}<\/script>\n<!-- \/ Yoast SEO plugin. -->","yoast_head_json":{"title":"WEBINAR GRATIS: El puente entre tu prop\u00f3sito y el de tu empresa - International Coaching Community","robots":{"index":"index","follow":"follow","max-snippet":"max-snippet:-1","max-image-preview":"max-image-preview:large","max-video-preview":"max-video-preview:-1"},"canonical":"https:\/\/internationalcoachingcommunity.com\/es\/webinar-gratis-el-puente-entre-tu-proposito-y-el-de-tu-empresa\/","og_locale":"es_ES","og_type":"article","og_title":"WEBINAR GRATIS: El puente entre tu prop\u00f3sito y el de tu empresa - International Coaching Community","og_description":"WEBINAR GRATIS El puente entre tu prop\u00f3sito y el de tu empresa1 de mayo, 20252PM Colombia (8PM UK)Consulta la hora del evento en tu Zona Horaria \u00bbDuraci\u00f3n: 1h + Q&amp;A\u00bfNo puedes asistir? Inscr\u00edbete y s\u00e9 de los primeros en recibir la grabaci\u00f3n.\u00bfSientes que tu trabajo est\u00e1 alineado con lo que realmente te motiva? \u00bfQu\u00e9 diferencia [&hellip;]","og_url":"https:\/\/internationalcoachingcommunity.com\/es\/webinar-gratis-el-puente-entre-tu-proposito-y-el-de-tu-empresa\/","og_site_name":"International Coaching Community","article_publisher":"https:\/\/www.facebook.com\/coachingcommunity","article_published_time":"2025-01-29T19:57:18+00:00","article_modified_time":"2025-02-27T22:08:25+00:00","og_image":[{"width":1200,"height":1200,"url":"https:\/\/internationalcoachingcommunity.com\/wp-content\/uploads\/2025\/02\/JLR-El-puente-1-mayo-NEWS.png","type":"image\/png"}],"author":"Alex","twitter_card":"summary_large_image","twitter_creator":"@icccoaching","twitter_site":"@icccoaching","twitter_misc":{"Escrito por":"Alex","Tiempo de lectura":"11 minutos"},"schema":{"@context":"https:\/\/schema.org","@graph":[{"@type":"Article","@id":"https:\/\/internationalcoachingcommunity.com\/es\/webinar-gratis-el-puente-entre-tu-proposito-y-el-de-tu-empresa\/#article","isPartOf":{"@id":"https:\/\/internationalcoachingcommunity.com\/es\/webinar-gratis-el-puente-entre-tu-proposito-y-el-de-tu-empresa\/"},"author":{"name":"Alex","@id":"https:\/\/internationalcoachingcommunity.com\/#\/schema\/person\/fa019c40db8ed5249b248761569a33c0"},"headline":"WEBINAR GRATIS: El puente entre tu prop\u00f3sito y el de tu empresa","datePublished":"2025-01-29T19:57:18+00:00","dateModified":"2025-02-27T22:08:25+00:00","mainEntityOfPage":{"@id":"https:\/\/internationalcoachingcommunity.com\/es\/webinar-gratis-el-puente-entre-tu-proposito-y-el-de-tu-empresa\/"},"wordCount":2312,"publisher":{"@id":"https:\/\/internationalcoachingcommunity.com\/#organization"},"image":{"@id":"https:\/\/internationalcoachingcommunity.com\/es\/webinar-gratis-el-puente-entre-tu-proposito-y-el-de-tu-empresa\/#primaryimage"},"thumbnailUrl":"https:\/\/internationalcoachingcommunity.com\/wp-content\/uploads\/2025\/02\/JLR-El-puente-1-mayo-NEWS.png","articleSection":["Eventos"],"inLanguage":"es"},{"@type":"WebPage","@id":"https:\/\/internationalcoachingcommunity.com\/es\/webinar-gratis-el-puente-entre-tu-proposito-y-el-de-tu-empresa\/","url":"https:\/\/internationalcoachingcommunity.com\/es\/webinar-gratis-el-puente-entre-tu-proposito-y-el-de-tu-empresa\/","name":"WEBINAR GRATIS: El puente entre tu prop\u00f3sito y el de tu empresa - International Coaching Community","isPartOf":{"@id":"https:\/\/internationalcoachingcommunity.com\/#website"},"primaryImageOfPage":{"@id":"https:\/\/internationalcoachingcommunity.com\/es\/webinar-gratis-el-puente-entre-tu-proposito-y-el-de-tu-empresa\/#primaryimage"},"image":{"@id":"https:\/\/internationalcoachingcommunity.com\/es\/webinar-gratis-el-puente-entre-tu-proposito-y-el-de-tu-empresa\/#primaryimage"},"thumbnailUrl":"https:\/\/internationalcoachingcommunity.com\/wp-content\/uploads\/2025\/02\/JLR-El-puente-1-mayo-NEWS.png","datePublished":"2025-01-29T19:57:18+00:00","dateModified":"2025-02-27T22:08:25+00:00","breadcrumb":{"@id":"https:\/\/internationalcoachingcommunity.com\/es\/webinar-gratis-el-puente-entre-tu-proposito-y-el-de-tu-empresa\/#breadcrumb"},"inLanguage":"es","potentialAction":[{"@type":"ReadAction","target":["https:\/\/internationalcoachingcommunity.com\/es\/webinar-gratis-el-puente-entre-tu-proposito-y-el-de-tu-empresa\/"]}]},{"@type":"ImageObject","inLanguage":"es","@id":"https:\/\/internationalcoachingcommunity.com\/es\/webinar-gratis-el-puente-entre-tu-proposito-y-el-de-tu-empresa\/#primaryimage","url":"https:\/\/internationalcoachingcommunity.com\/wp-content\/uploads\/2025\/02\/JLR-El-puente-1-mayo-NEWS.png","contentUrl":"https:\/\/internationalcoachingcommunity.com\/wp-content\/uploads\/2025\/02\/JLR-El-puente-1-mayo-NEWS.png","width":1200,"height":1200},{"@type":"BreadcrumbList","@id":"https:\/\/internationalcoachingcommunity.com\/es\/webinar-gratis-el-puente-entre-tu-proposito-y-el-de-tu-empresa\/#breadcrumb","itemListElement":[{"@type":"ListItem","position":1,"name":"Home","item":"https:\/\/internationalcoachingcommunity.com\/es\/"},{"@type":"ListItem","position":2,"name":"WEBINAR GRATIS: El puente entre tu prop\u00f3sito y el de tu empresa"}]},{"@type":"WebSite","@id":"https:\/\/internationalcoachingcommunity.com\/#website","url":"https:\/\/internationalcoachingcommunity.com\/","name":"International Coaching Community","description":"International Coaching Community - One of the biggest professional coaching networks","publisher":{"@id":"https:\/\/internationalcoachingcommunity.com\/#organization"},"potentialAction":[{"@type":"SearchAction","target":{"@type":"EntryPoint","urlTemplate":"https:\/\/internationalcoachingcommunity.com\/?s={search_term_string}"},"query-input":{"@type":"PropertyValueSpecification","valueRequired":true,"valueName":"search_term_string"}}],"inLanguage":"es"},{"@type":"Organization","@id":"https:\/\/internationalcoachingcommunity.com\/#organization","name":"International Coaching Community","url":"https:\/\/internationalcoachingcommunity.com\/","logo":{"@type":"ImageObject","inLanguage":"es","@id":"https:\/\/internationalcoachingcommunity.com\/#\/schema\/logo\/image\/","url":"https:\/\/internationalcoachingcommunity.com\/wp-content\/uploads\/2015\/01\/ICC-LOGO-TRANSPARENT-e1487273904115-1.jpg","contentUrl":"https:\/\/internationalcoachingcommunity.com\/wp-content\/uploads\/2015\/01\/ICC-LOGO-TRANSPARENT-e1487273904115-1.jpg","width":320,"height":208,"caption":"International Coaching Community"},"image":{"@id":"https:\/\/internationalcoachingcommunity.com\/#\/schema\/logo\/image\/"},"sameAs":["https:\/\/www.facebook.com\/coachingcommunity","https:\/\/x.com\/icccoaching","https:\/\/www.linkedin.com\/company-beta\/433586\/","https:\/\/www.youtube.com\/user\/icccoaching"]},{"@type":"Person","@id":"https:\/\/internationalcoachingcommunity.com\/#\/schema\/person\/fa019c40db8ed5249b248761569a33c0","name":"Alex","image":{"@type":"ImageObject","inLanguage":"es","@id":"https:\/\/internationalcoachingcommunity.com\/#\/schema\/person\/image\/","url":"https:\/\/secure.gravatar.com\/avatar\/4a1554f59789c1669fb15d5af62b6d48bb5c4a3656dcc49cec04035b5294bc58?s=96&d=mm&r=g","contentUrl":"https:\/\/secure.gravatar.com\/avatar\/4a1554f59789c1669fb15d5af62b6d48bb5c4a3656dcc49cec04035b5294bc58?s=96&d=mm&r=g","caption":"Alex"},"url":"https:\/\/internationalcoachingcommunity.com\/es\/author\/iccadmin\/"}]}},"_links":{"self":[{"href":"https:\/\/internationalcoachingcommunity.com\/es\/wp-json\/wp\/v2\/posts\/76561","targetHints":{"allow":["GET"]}}],"collection":[{"href":"https:\/\/internationalcoachingcommunity.com\/es\/wp-json\/wp\/v2\/posts"}],"about":[{"href":"https:\/\/internationalcoachingcommunity.com\/es\/wp-json\/wp\/v2\/types\/post"}],"author":[{"embeddable":true,"href":"https:\/\/internationalcoachingcommunity.com\/es\/wp-json\/wp\/v2\/users\/111"}],"replies":[{"embeddable":true,"href":"https:\/\/internationalcoachingcommunity.com\/es\/wp-json\/wp\/v2\/comments?post=76561"}],"version-history":[{"count":16,"href":"https:\/\/internationalcoachingcommunity.com\/es\/wp-json\/wp\/v2\/posts\/76561\/revisions"}],"predecessor-version":[{"id":76902,"href":"https:\/\/internationalcoachingcommunity.com\/es\/wp-json\/wp\/v2\/posts\/76561\/revisions\/76902"}],"wp:featuredmedia":[{"embeddable":true,"href":"https:\/\/internationalcoachingcommunity.com\/es\/wp-json\/wp\/v2\/media\/76733"}],"wp:attachment":[{"href":"https:\/\/internationalcoachingcommunity.com\/es\/wp-json\/wp\/v2\/media?parent=76561"}],"wp:term":[{"taxonomy":"category","embeddable":true,"href":"https:\/\/internationalcoachingcommunity.com\/es\/wp-json\/wp\/v2\/categories?post=76561"},{"taxonomy":"post_tag","embeddable":true,"href":"https:\/\/internationalcoachingcommunity.com\/es\/wp-json\/wp\/v2\/tags?post=76561"}],"curies":[{"name":"wp","href":"https:\/\/api.w.org\/{rel}","templated":true}]}}